{"id":1001,"date":"2023-08-25T10:10:03","date_gmt":"2023-08-25T07:10:03","guid":{"rendered":"http:\/\/www.9sac.com\/?p=1001"},"modified":"2023-08-25T10:11:07","modified_gmt":"2023-08-25T07:11:07","slug":"gri-ve-rengarenk-ombre-sac-renkleri","status":"publish","type":"post","link":"https:\/\/www.9sac.com\/es\/gri-ve-rengarenk-ombre-sac-renkleri\/","title":{"rendered":"Gri ve Rengarenk Ombre Sa\u00e7 Renkleri"},"content":{"rendered":"<h2>Gri ve Rengarenk Ombre Sa\u00e7 Renkleri<\/h2>\n<p><strong>Gri ve Rengarenk Ombre Sa\u00e7 Renkleri ile Farkl\u0131 Renk Tonlar\u0131n\u0131n Oldu\u011fu 2026 Sa\u00e7 Modellerini siz takip\u00e7ilerimizle payla\u015f\u0131yoruz. S\u0131ra d\u0131\u015f\u0131 sa\u00e7 tarzlar\u0131n\u0131 seven kad\u0131nlara g\u00f6re.<\/strong><\/p>\n<p>Sevgili okurlar\u0131m\u0131z bildi\u011finiz \u00fczere art\u0131k yaz sezonu a\u00e7\u0131ld\u0131. Ve yaz sezonunun gelmesiyle trendler de\u011fi\u015fti. Yaz sezonlar\u0131 \u00e7ok hareketli , c\u0131v\u0131l c\u0131v\u0131l ve tatil havas\u0131nda olmas\u0131ndan dolay\u0131 bu durum sa\u00e7 stil ve renklerine de yans\u0131m\u0131\u015ft\u0131r. Havan\u0131n s\u0131cak oldu\u011fu yaz g\u00fcnlerinde sa\u00e7lar\u0131n\u0131zda tek renk de\u011fil de farkl\u0131 iki tonu kullanarak \u015f\u0131k ve sevimli bir hale b\u00fcr\u00fcne bilirsiniz. Hem farkl\u0131 iki renk tonunu kullanmak 2026 y\u0131l\u0131n\u0131n trendleri aras\u0131nda yer almaktad\u0131r. Tek rengin \u00e7ok monoton kald\u0131\u011f\u0131 bu d\u00f6nemlerde cesur davranarak sa\u00e7lar\u0131n\u0131zda birden fazla renk tonu kullan\u0131n\u0131z. Gelin \u015fimdi 2026 y\u0131l\u0131nda sa\u00e7lar\u0131n\u0131zda nas\u0131l farkl\u0131 iki renk tonunu kullanabiliriz foto\u011fraflarla inceleyelim.<\/p>\n<div id=\"attachment_1007\" style=\"width: 457px\" class=\"wp-caption aligncenter\"><img decoding=\"async\" aria-describedby=\"caption-attachment-1007\" class=\"size-full wp-image-1007\" src=\"http:\/\/www.9sac.com\/wp-content\/uploads\/2016\/06\/kirmizi-sari-ombre-sac-modeli-2016-1.jpg\" alt=\"Kirmizi sari ombre sa\u00e7 modeli 2016\" width=\"447\" height=\"453\" srcset=\"https:\/\/www.9sac.com\/wp-content\/uploads\/2016\/06\/kirmizi-sari-ombre-sac-modeli-2016-1.jpg 447w, https:\/\/www.9sac.com\/wp-content\/uploads\/2016\/06\/kirmizi-sari-ombre-sac-modeli-2016-1-296x300.jpg 296w\" sizes=\"(max-width: 447px) 100vw, 447px\" \/><p id=\"caption-attachment-1007\" class=\"wp-caption-text\">K\u0131rm\u0131z\u0131 sar\u0131 ombre sa\u00e7 modeli\u00a0<\/p><\/div>\n<p>\u0130lk olarak yukar\u0131daki foto\u011frafta da g\u00f6rd\u00fc\u011f\u00fcn\u00fcz \u00fczere k\u0131z\u0131l ve sar\u0131 tonlar\u0131n\u0131n bulundu\u011fu ombre sa\u00e7 modeli olduk\u00e7a \u015f\u0131k durmaktad\u0131r. Farkl\u0131 g\u00f6r\u00fcnt\u00fcs\u00fcyle dikkat \u00e7eken bu renk tonlar\u0131n\u0131 sizlerde sa\u00e7lar\u0131n\u0131zda kullanarak 2026 y\u0131l\u0131na damgan\u0131z\u0131 vurabilirsiniz.<\/p>\n<div id=\"attachment_1010\" style=\"width: 458px\" class=\"wp-caption aligncenter\"><img decoding=\"async\" aria-describedby=\"caption-attachment-1010\" class=\"size-full wp-image-1010\" src=\"http:\/\/www.9sac.com\/wp-content\/uploads\/2016\/06\/sari-pembe-mor-ombre-sac-modeli-2016-2.jpg\" alt=\"Sari pembe mor ombre sa\u00e7 modeli 2016\" width=\"448\" height=\"698\" srcset=\"https:\/\/www.9sac.com\/wp-content\/uploads\/2016\/06\/sari-pembe-mor-ombre-sac-modeli-2016-2.jpg 448w, https:\/\/www.9sac.com\/wp-content\/uploads\/2016\/06\/sari-pembe-mor-ombre-sac-modeli-2016-2-193x300.jpg 193w\" sizes=\"(max-width: 448px) 100vw, 448px\" \/><p id=\"caption-attachment-1010\" class=\"wp-caption-text\">Gri ve Rengarenk Ombre Sa\u00e7 Renkleri<\/p><\/div>\n<p>Bir ba\u015fka se\u00e7enek olarak ise yukar\u0131daki stilden esinlenebilirsiniz. E\u011fer sizlerde sa\u00e7lar\u0131n\u0131zda farkl\u0131 renk tonlar\u0131n\u0131 kullanmaya karar verdiyseniz mutlaka do\u011fal sa\u00e7 renginize yak\u0131n renk tonlar\u0131 se\u00e7melisiniz. Bu i\u015flemi ger\u00e7ekle\u015ftirdikten sonra sa\u00e7 k\u00f6klerinizden ba\u015flayarak sa\u00e7 u\u00e7lar\u0131n\u0131za kadar uzanan iki farkl\u0131 renk tonunu kullanarak g\u00fczelli\u011finize g\u00fczellik katabilirsiniz.<\/p>\n<div id=\"attachment_5837\" style=\"width: 1034px\" class=\"wp-caption aligncenter\"><a href=\"https:\/\/www.9sac.com\/wp-content\/uploads\/2023\/06\/Rengarenk-Ombre-Sac-Renkleri.jpg\"><img decoding=\"async\" aria-describedby=\"caption-attachment-5837\" class=\"size-large wp-image-5837\" src=\"https:\/\/www.9sac.com\/wp-content\/uploads\/2023\/06\/Rengarenk-Ombre-Sac-Renkleri-1024x984.jpg\" alt=\"Rengarenk Ombre Sa\u00e7 Renkleri\" width=\"1024\" height=\"984\" srcset=\"https:\/\/www.9sac.com\/wp-content\/uploads\/2023\/06\/Rengarenk-Ombre-Sac-Renkleri-1024x984.jpg?v=1692947348 1024w, https:\/\/www.9sac.com\/wp-content\/uploads\/2023\/06\/Rengarenk-Ombre-Sac-Renkleri-300x288.jpg?v=1692947348 300w, https:\/\/www.9sac.com\/wp-content\/uploads\/2023\/06\/Rengarenk-Ombre-Sac-Renkleri.jpg?v=1692947348 1242w\" sizes=\"(max-width: 1024px) 100vw, 1024px\" \/><\/a><p id=\"caption-attachment-5837\" class=\"wp-caption-text\">Rengarenk Ombre Sa\u00e7 Renkleri<\/p><\/div>\n<p>\u00dc\u00e7\u00fcnc\u00fc olarak ise sadece uzun sa\u00e7lar\u0131n\u0131za de\u011fil k\u0131sa veya orta boylu sa\u00e7lar\u0131n\u0131za da bu stili g\u00f6n\u00fcl rahatl\u0131\u011f\u0131yla uygulayabilirsiniz. K\u0131sa sa\u00e7 stillerinin en pop\u00fclerleri aras\u0131nda yer alan <a href=\"https:\/\/tr.wikipedia.org\/wiki\/Pixie_sa\u00e7_kesimi\">pixie sa\u00e7 modeli<\/a> bu stile \u00e7ok uygundur. Bu sa\u00e7 modelinde k\u0131rm\u0131z\u0131 turuncu ve pastel ye\u015fil tonlar\u0131n\u0131 kullanarak farkl\u0131l\u0131\u011f\u0131n\u0131z\u0131 ve modaya uygunlu\u011funuzu kan\u0131tlayabilirsiniz.<\/p>\n<div id=\"attachment_1009\" style=\"width: 457px\" class=\"wp-caption aligncenter\"><img decoding=\"async\" aria-describedby=\"caption-attachment-1009\" class=\"size-full wp-image-1009\" src=\"http:\/\/www.9sac.com\/wp-content\/uploads\/2016\/06\/mor-ombre-2016-sac-modeli-4.jpg\" alt=\"Mor ombre 2016 sa\u00e7 modeli\" width=\"447\" height=\"539\" srcset=\"https:\/\/www.9sac.com\/wp-content\/uploads\/2016\/06\/mor-ombre-2016-sac-modeli-4.jpg 447w, https:\/\/www.9sac.com\/wp-content\/uploads\/2016\/06\/mor-ombre-2016-sac-modeli-4-249x300.jpg 249w\" sizes=\"(max-width: 447px) 100vw, 447px\" \/><p id=\"caption-attachment-1009\" class=\"wp-caption-text\">Mor ombre\u00a0 sa\u00e7 modeli<\/p><\/div>\n<p>Bir ba\u015fka model olarak tek bir renk se\u00e7ip o rengin a\u00e7\u0131k ve kapal\u0131 tonlar\u0131n\u0131 sa\u00e7lar\u0131n\u0131za uygulayarak <a href=\"https:\/\/www.9sac.com\/siyah-saca-krepe-balyaj-ile-ombre-sac-renkleri-ve-modelleri\/\">ombre sa\u00e7<\/a> modelini farkl\u0131 bir \u015fekilde sa\u00e7lar\u0131n\u0131zda g\u00f6rebilirsiniz. G\u00f6z al\u0131c\u0131 bir renk morun farkl\u0131 tonlar\u0131n\u0131 kullanabilirsiniz.<\/p>\n<div id=\"attachment_1003\" style=\"width: 455px\" class=\"wp-caption aligncenter\"><img decoding=\"async\" aria-describedby=\"caption-attachment-1003\" class=\"size-full wp-image-1003\" src=\"http:\/\/www.9sac.com\/wp-content\/uploads\/2016\/06\/2016-ombre-sac-modeli-5.jpg\" alt=\"2016 ombre sa\u00e7 modeli\" width=\"445\" height=\"554\" srcset=\"https:\/\/www.9sac.com\/wp-content\/uploads\/2016\/06\/2016-ombre-sac-modeli-5.jpg 445w, https:\/\/www.9sac.com\/wp-content\/uploads\/2016\/06\/2016-ombre-sac-modeli-5-241x300.jpg 241w\" sizes=\"(max-width: 445px) 100vw, 445px\" \/><p id=\"caption-attachment-1003\" class=\"wp-caption-text\">ombre sa\u00e7 modeli<\/p><\/div>\n<p>Son olarak yukar\u0131daki gibi bir sa\u00e7 rengi ile 2026 y\u0131l\u0131n\u0131n trendini sa\u00e7lar\u0131n\u0131za uygulayabilirsiniz. Bu sa\u00e7 modelini sa\u00e7lar\u0131n\u0131za uygularken cilt tonu ile sa\u00e7 renklerinin uyumuna dikkat ediniz.<\/p>\n<div id=\"attachment_5838\" style=\"width: 650px\" class=\"wp-caption aligncenter\"><a href=\"https:\/\/www.9sac.com\/wp-content\/uploads\/2023\/06\/Rengarenk-Ombre-Sac-Renkleri1.jpg\"><img decoding=\"async\" aria-describedby=\"caption-attachment-5838\" class=\"size-full wp-image-5838\" src=\"https:\/\/www.9sac.com\/wp-content\/uploads\/2023\/06\/Rengarenk-Ombre-Sac-Renkleri1.jpg\" alt=\"Rengarenk Ombre Sa\u00e7 Renkleri\" width=\"640\" height=\"683\" srcset=\"https:\/\/www.9sac.com\/wp-content\/uploads\/2023\/06\/Rengarenk-Ombre-Sac-Renkleri1.jpg?v=1692947399 640w, https:\/\/www.9sac.com\/wp-content\/uploads\/2023\/06\/Rengarenk-Ombre-Sac-Renkleri1-281x300.jpg?v=1692947399 281w\" sizes=\"(max-width: 640px) 100vw, 640px\" \/><\/a><p id=\"caption-attachment-5838\" class=\"wp-caption-text\">Rengarenk Ombre Sa\u00e7 Renkleri<\/p><\/div>\n","protected":false},"excerpt":{"rendered":"<p>Gri ve Rengarenk Ombre Sa\u00e7 Renkleri<br \/>\nGri ve Rengarenk Ombre Sa\u00e7 Renkleri ile Farkl\u0131 Renk Tonlar\u0131n\u0131n Oldu\u011fu 2026 Sa\u00e7 Modellerini siz takip\u00e7ilerimizle payla\u015f\u0131yoruz. S\u0131ra d\u0131\u015f\u0131 sa\u00e7 tarzlar\u0131n\u0131 seven kad\u0131nlara g\u00f6re.<\/p>\n<p>Sevgili okurlar\u0131m\u0131z bildi\u011finiz \u00fczere art\u0131k yaz sezonu a\u00e7\u0131ld\u0131. Ve yaz sezonunun gelmesiyle trendler de\u011fi\u015fti. Yaz sezonlar\u0131 \u00e7ok hareketli , c\u0131v\u0131l c\u0131v\u0131l ve tatil havas\u0131nda olmas\u0131ndan dolay\u0131 bu durum sa\u00e7 stil ve renklerine de yans\u0131m\u0131\u015ft\u0131r. Havan\u0131n s\u0131cak oldu\u011fu yaz g\u00fcnlerinde sa\u00e7lar\u0131n\u0131zda tek renk de\u011fil de farkl\u0131 iki tonu kullanarak \u015f\u0131k ve sevimli bir hale b\u00fcr\u00fcne bilirsiniz. Hem farkl\u0131 iki renk tonunu kullanmak 2026 y\u0131l\u0131n\u0131n trendleri aras\u0131nda yer almaktad\u0131r. Tek rengin \u00e7ok monoton kald\u0131\u011f\u0131 bu d\u00f6nemlerde cesur davranarak sa\u00e7lar\u0131n\u0131zda birden fazla renk tonu kullan\u0131n\u0131z. Gelin \u015fimdi 2026 y\u0131l\u0131nda sa\u00e7lar\u0131n\u0131zda nas\u0131l farkl\u0131 iki renk tonunu kullanabiliriz foto\u011fraflarla inceleyelim.<\/p>\n K\u0131rm\u0131z\u0131 sar\u0131 ombre sa\u00e7 modeli\u00a0\n<p>\u0130lk olarak yukar\u0131daki foto\u011frafta da g\u00f6rd\u00fc\u011f\u00fcn\u00fcz \u00fczere k\u0131z\u0131l ve sar\u0131 tonlar\u0131n\u0131n bulundu\u011fu ombre sa\u00e7 modeli olduk\u00e7a \u015f\u0131k durmaktad\u0131r. Farkl\u0131 g\u00f6r\u00fcnt\u00fcs\u00fcyle dikkat \u00e7eken bu renk tonlar\u0131n\u0131 sizlerde sa\u00e7lar\u0131n\u0131zda kullanarak 2026 y\u0131l\u0131na damgan\u0131z\u0131 vurabilirsiniz.<\/p>\n Gri ve Rengarenk Ombre Sa\u00e7 Renkleri\n<p>Bir ba\u015fka se\u00e7enek olarak ise yukar\u0131daki stilden esinlenebilirsiniz. E\u011fer sizlerde sa\u00e7lar\u0131n\u0131zda farkl\u0131 renk tonlar\u0131n\u0131 kullanmaya karar verdiyseniz mutlaka do\u011fal sa\u00e7 renginize yak\u0131n renk tonlar\u0131 se\u00e7melisiniz. Bu i\u015flemi ger\u00e7ekle\u015ftirdikten sonra sa\u00e7 k\u00f6klerinizden ba\u015flayarak sa\u00e7 u\u00e7lar\u0131n\u0131za kadar uzanan iki farkl\u0131 renk tonunu kullanarak g\u00fczelli\u011finize g\u00fczellik katabilirsiniz.<\/p>\n Rengarenk Ombre Sa\u00e7 Renkleri\n<p>\u00dc\u00e7\u00fcnc\u00fc olarak ise sadece uzun sa\u00e7lar\u0131n\u0131za de\u011fil k\u0131sa veya orta boylu sa\u00e7lar\u0131n\u0131za da bu stili g\u00f6n\u00fcl rahatl\u0131\u011f\u0131yla uygulayabilirsiniz. K\u0131sa sa\u00e7 stillerinin en pop\u00fclerleri aras\u0131nda yer alan pixie sa\u00e7 modeli bu stile \u00e7ok uygundur. Bu sa\u00e7 modelinde k\u0131rm\u0131z\u0131 turuncu ve pastel ye\u015fil tonlar\u0131n\u0131 kullanarak farkl\u0131l\u0131\u011f\u0131n\u0131z\u0131 ve modaya uygunlu\u011funuzu kan\u0131tlayabilirsiniz.<\/p>\n Mor ombre\u00a0 sa\u00e7 modeli\n<p>Bir ba\u015fka model olarak tek bir renk se\u00e7ip o rengin a\u00e7\u0131k ve kapal\u0131 tonlar\u0131n\u0131 sa\u00e7lar\u0131n\u0131za uygulayarak ombre sa\u00e7 modelini farkl\u0131 bir \u015fekilde sa\u00e7lar\u0131n\u0131zda g\u00f6rebilirsiniz. G\u00f6z al\u0131c\u0131 bir renk morun farkl\u0131 tonlar\u0131n\u0131 kullanabilirsiniz.<\/p>\n ombre sa\u00e7 modeli\n<p>Son olarak yukar\u0131daki gibi bir sa\u00e7 rengi ile 2026 y\u0131l\u0131n\u0131n trendini sa\u00e7lar\u0131n\u0131za uygulayabilirsiniz. Bu sa\u00e7 modelini sa\u00e7lar\u0131n\u0131za uygularken cilt tonu ile sa\u00e7 renklerinin uyumuna dikkat ediniz.<\/p>\n Rengarenk Ombre Sa\u00e7 Renkleri\n","protected":false},"author":1,"featured_media":5836,"comment_status":"open","ping_status":"open","sticky":false,"template":"","format":"standard","meta":{"footnotes":""},"categories":[8,6],"tags":[],"views":8024,"_links":{"self":[{"href":"https:\/\/www.9sac.com\/es\/wp-json\/wp\/v2\/posts\/1001"}],"collection":[{"href":"https:\/\/www.9sac.com\/es\/wp-json\/wp\/v2\/posts"}],"about":[{"href":"https:\/\/www.9sac.com\/es\/wp-json\/wp\/v2\/types\/post"}],"author":[{"embeddable":true,"href":"https:\/\/www.9sac.com\/es\/wp-json\/wp\/v2\/users\/1"}],"replies":[{"embeddable":true,"href":"https:\/\/www.9sac.com\/es\/wp-json\/wp\/v2\/comments?post=1001"}],"version-history":[{"count":3,"href":"https:\/\/www.9sac.com\/es\/wp-json\/wp\/v2\/posts\/1001\/revisions"}],"predecessor-version":[{"id":5840,"href":"https:\/\/www.9sac.com\/es\/wp-json\/wp\/v2\/posts\/1001\/revisions\/5840"}],"wp:featuredmedia":[{"embeddable":true,"href":"https:\/\/www.9sac.com\/es\/wp-json\/wp\/v2\/media\/5836"}],"wp:attachment":[{"href":"https:\/\/www.9sac.com\/es\/wp-json\/wp\/v2\/media?parent=1001"}],"wp:term":[{"taxonomy":"category","embeddable":true,"href":"https:\/\/www.9sac.com\/es\/wp-json\/wp\/v2\/categories?post=1001"},{"taxonomy":"post_tag","embeddable":true,"href":"https:\/\/www.9sac.com\/es\/wp-json\/wp\/v2\/tags?post=1001"}],"curies":[{"name":"wp","href":"https:\/\/api.w.org\/{rel}","templated":true}]}}