{"id":1288,"date":"2023-06-15T12:57:38","date_gmt":"2023-06-15T09:57:38","guid":{"rendered":"http:\/\/www.9sac.com\/?p=1288"},"modified":"2023-08-13T10:36:47","modified_gmt":"2023-08-13T07:36:47","slug":"2016-findik-kabugu-sac-rengi","status":"publish","type":"post","link":"https:\/\/www.9sac.com\/es\/2016-findik-kabugu-sac-rengi\/","title":{"rendered":"2016 F\u0131nd\u0131k Kabu\u011fu Sa\u00e7 Rengi"},"content":{"rendered":"<p><strong>2016 F<\/strong><strong>\u0131nd\u0131k kabu\u011fu sa\u00e7 rengi ve modellerini en g\u00fczel kad\u0131nlar i\u00e7in bu konumuzda derledik. \u015e\u0131k ve g\u00fczel bayanlar i\u00e7in f\u0131nd\u0131k kabu\u011fu sa\u00e7 renkleri.<\/strong><\/p>\n<p>Y\u0131llar ge\u00e7se de trend listeleri de\u011fi\u015fse de eskimeme \u00f6zelli\u011fine sahip olan renklerden birisi de f\u0131nd\u0131k kabu\u011fu sa\u00e7 rengidir. F\u0131nd\u0131k kabu\u011fu sa\u00e7 rengi hem bayanlar hemde\u00a0 erkekler taraf\u0131ndan \u00e7ok be\u011fenilmekte olmakla beraber s\u0131kl\u0131kla tercih edilen sa\u00e7 renklerinden birisi haline gelmi\u015ftir.<\/p>\n<p>Do\u011fal sa\u00e7 renklerinden birisi olan f\u0131nd\u0131k kabu\u011fu sa\u00e7 rengi kumral sa\u00e7 renginin farkl\u0131 bir tonudur. F\u0131nd\u0131k kabu\u011fu sa\u00e7 rengi 2016 y\u0131l\u0131nda da eskisi gibi s\u0131kl\u0131kla tercih edilmesinin \u00f6nemli bir sebebi de sizleri daha do\u011fal bir g\u00f6r\u00fcn\u00fcme kavu\u015fturmas\u0131d\u0131r. Do\u011fal bir g\u00f6r\u00fcn\u00fcme sahip olmak hemen hemen t\u00fcm kad\u0131nlar\u0131n istekleri aras\u0131nda yer almaktad\u0131r. E\u011fer sizlerde do\u011fal bir sa\u00e7 rengim olsun istiyorsan\u0131z bu sa\u00e7 rengini g\u00f6n\u00fcl rahatl\u0131\u011f\u0131 ile tercih edebilirsiniz.<\/p>\n<p>Peki f\u0131nd\u0131k kabu\u011fu sa\u00e7 rengi hangi tene daha \u00e7ok yak\u0131\u015fmaktad\u0131r ? Yapt\u0131\u011f\u0131m\u0131z ara\u015ft\u0131rmalara g\u00f6re f\u0131nd\u0131k kabu\u011fu sa\u00e7 rengi esmer olsun beyaz tenli olsun t\u00fcm kad\u0131nlar taraf\u0131ndan kullan\u0131lmaktad\u0131r. Bu da g\u00f6steriyor ki f\u0131nd\u0131k kabu\u011fu sa\u00e7 rengi her cilt rengi tonu ile uyum sa\u011flayarak \u015f\u0131k bir g\u00f6r\u00fcn\u00fcm katmaktad\u0131r. Ama tabi nacizane fikrimizi soruyorsan\u0131z beyaz tenli kad\u0131nlara bu renk tonunun daha \u00e7ok yak\u0131\u015ft\u0131\u011f\u0131 kanaatindeyiz.<\/p>\n<p>2016 y\u0131l\u0131n\u0131n trend sa\u00e7 renklerinden olan f\u0131nd\u0131k kabu\u011fu sa\u00e7 rengini \u00fcnl\u00fc \u015fark\u0131c\u0131 ve modellerinde tercih listelerinde yer alm\u0131\u015ft\u0131r. Yediden yetmi\u015fe her ya\u015ftaki bayana hitap eden f\u0131nd\u0131k kabu\u011fu sa\u00e7 modeli bir\u00e7ok farkl\u0131 sa\u00e7 modeli ile birlikte kullan\u0131labilmektedir. \u00d6zellikle dalgal\u0131 sa\u00e7 modellerinde olduk\u00e7a \u015f\u0131k duran f\u0131nd\u0131k kabu\u011fu sa\u00e7 rengi erkeklerin ba\u015f\u0131n\u0131 d\u00f6nd\u00fcrmektedir.<\/p>\n<p>F\u0131nd\u0131k kabu\u011fu sa\u00e7 rengini sizlerde tercih etmek istiyorsan\u0131z evlerinizde \u00fcnl\u00fc boya markalar\u0131 kullanarak bu sa\u00e7 rengini elde edebilirsiniz. Ancak daha g\u00fczel bir sonu\u00e7 almak i\u00e7in uzman kuaf\u00f6rler e\u015fli\u011finde sa\u00e7lar\u0131n\u0131z\u0131 bu renge boyatman\u0131z\u0131 tavsiye etmekteyiz.<\/p>\n<p>2016 y\u0131l\u0131nda kullan\u0131lan f\u0131nd\u0131k kabu\u011fu sa\u00e7 rengi ile yap\u0131lan sa\u00e7 modellerini inceleyerek rengin sa\u00e7larda ve ciltte nas\u0131l durdu\u011funu daha detayl\u0131 bir \u015fekilde inceleyelim.<\/p>\n<p><strong>\u00a0<\/strong><\/p>\n","protected":false},"excerpt":{"rendered":"<p>2016 F\u0131nd\u0131k kabu\u011fu sa\u00e7 rengi ve modellerini en g\u00fczel kad\u0131nlar i\u00e7in bu konumuzda derledik. \u015e\u0131k ve g\u00fczel bayanlar i\u00e7in f\u0131nd\u0131k kabu\u011fu sa\u00e7 renkleri.<\/p>\n<p>Y\u0131llar ge\u00e7se de trend listeleri de\u011fi\u015fse de eskimeme \u00f6zelli\u011fine sahip olan renklerden birisi de f\u0131nd\u0131k kabu\u011fu sa\u00e7 rengidir. F\u0131nd\u0131k kabu\u011fu sa\u00e7 rengi hem bayanlar hemde\u00a0 erkekler taraf\u0131ndan \u00e7ok be\u011fenilmekte olmakla beraber s\u0131kl\u0131kla tercih edilen sa\u00e7 renklerinden birisi haline gelmi\u015ftir.<\/p>\n<p>Do\u011fal sa\u00e7 renklerinden birisi olan f\u0131nd\u0131k kabu\u011fu sa\u00e7 rengi kumral sa\u00e7 renginin farkl\u0131 bir tonudur. F\u0131nd\u0131k kabu\u011fu sa\u00e7 rengi 2016 y\u0131l\u0131nda da eskisi gibi s\u0131kl\u0131kla tercih edilmesinin \u00f6nemli bir sebebi de sizleri daha do\u011fal bir g\u00f6r\u00fcn\u00fcme kavu\u015fturmas\u0131d\u0131r. Do\u011fal bir g\u00f6r\u00fcn\u00fcme sahip olmak hemen hemen t\u00fcm kad\u0131nlar\u0131n istekleri aras\u0131nda yer almaktad\u0131r. E\u011fer sizlerde do\u011fal bir sa\u00e7 rengim olsun istiyorsan\u0131z bu sa\u00e7 rengini g\u00f6n\u00fcl rahatl\u0131\u011f\u0131 ile tercih edebilirsiniz.<\/p>\n<p>Peki f\u0131nd\u0131k kabu\u011fu sa\u00e7 rengi hangi tene daha \u00e7ok yak\u0131\u015fmaktad\u0131r ? Yapt\u0131\u011f\u0131m\u0131z ara\u015ft\u0131rmalara g\u00f6re f\u0131nd\u0131k kabu\u011fu sa\u00e7 rengi esmer olsun beyaz tenli olsun t\u00fcm kad\u0131nlar taraf\u0131ndan kullan\u0131lmaktad\u0131r. Bu da g\u00f6steriyor ki f\u0131nd\u0131k kabu\u011fu sa\u00e7 rengi her cilt rengi tonu ile uyum sa\u011flayarak \u015f\u0131k bir g\u00f6r\u00fcn\u00fcm katmaktad\u0131r. Ama tabi nacizane fikrimizi soruyorsan\u0131z beyaz tenli kad\u0131nlara bu renk tonunun daha \u00e7ok yak\u0131\u015ft\u0131\u011f\u0131 kanaatindeyiz.<\/p>\n<p>2016 y\u0131l\u0131n\u0131n trend sa\u00e7 renklerinden olan f\u0131nd\u0131k kabu\u011fu sa\u00e7 rengini \u00fcnl\u00fc \u015fark\u0131c\u0131 ve modellerinde tercih listelerinde yer alm\u0131\u015ft\u0131r. Yediden yetmi\u015fe her ya\u015ftaki bayana hitap eden f\u0131nd\u0131k kabu\u011fu sa\u00e7 modeli bir\u00e7ok farkl\u0131 sa\u00e7 modeli ile birlikte kullan\u0131labilmektedir. \u00d6zellikle dalgal\u0131 sa\u00e7 modellerinde olduk\u00e7a \u015f\u0131k duran f\u0131nd\u0131k kabu\u011fu sa\u00e7 rengi erkeklerin ba\u015f\u0131n\u0131 d\u00f6nd\u00fcrmektedir.<\/p>\n<p>F\u0131nd\u0131k kabu\u011fu sa\u00e7 rengini sizlerde tercih etmek istiyorsan\u0131z evlerinizde \u00fcnl\u00fc boya markalar\u0131 kullanarak bu sa\u00e7 rengini elde edebilirsiniz. Ancak daha g\u00fczel bir sonu\u00e7 almak i\u00e7in uzman kuaf\u00f6rler e\u015fli\u011finde sa\u00e7lar\u0131n\u0131z\u0131 bu renge boyatman\u0131z\u0131 tavsiye etmekteyiz.<\/p>\n<p>2016 y\u0131l\u0131nda kullan\u0131lan f\u0131nd\u0131k kabu\u011fu sa\u00e7 rengi ile yap\u0131lan sa\u00e7 modellerini inceleyerek rengin sa\u00e7larda ve ciltte nas\u0131l durdu\u011funu daha detayl\u0131 bir \u015fekilde inceleyelim.<\/p>\n<p>\u00a0<\/p>\n","protected":false},"author":1,"featured_media":1295,"comment_status":"open","ping_status":"open","sticky":false,"template":"","format":"standard","meta":{"footnotes":""},"categories":[6],"tags":[68,71],"views":12628,"_links":{"self":[{"href":"https:\/\/www.9sac.com\/es\/wp-json\/wp\/v2\/posts\/1288"}],"collection":[{"href":"https:\/\/www.9sac.com\/es\/wp-json\/wp\/v2\/posts"}],"about":[{"href":"https:\/\/www.9sac.com\/es\/wp-json\/wp\/v2\/types\/post"}],"author":[{"embeddable":true,"href":"https:\/\/www.9sac.com\/es\/wp-json\/wp\/v2\/users\/1"}],"replies":[{"embeddable":true,"href":"https:\/\/www.9sac.com\/es\/wp-json\/wp\/v2\/comments?post=1288"}],"version-history":[{"count":1,"href":"https:\/\/www.9sac.com\/es\/wp-json\/wp\/v2\/posts\/1288\/revisions"}],"predecessor-version":[{"id":5420,"href":"https:\/\/www.9sac.com\/es\/wp-json\/wp\/v2\/posts\/1288\/revisions\/5420"}],"wp:featuredmedia":[{"embeddable":true,"href":"https:\/\/www.9sac.com\/es\/wp-json\/wp\/v2\/media\/1295"}],"wp:attachment":[{"href":"https:\/\/www.9sac.com\/es\/wp-json\/wp\/v2\/media?parent=1288"}],"wp:term":[{"taxonomy":"category","embeddable":true,"href":"https:\/\/www.9sac.com\/es\/wp-json\/wp\/v2\/categories?post=1288"},{"taxonomy":"post_tag","embeddable":true,"href":"https:\/\/www.9sac.com\/es\/wp-json\/wp\/v2\/tags?post=1288"}],"curies":[{"name":"wp","href":"https:\/\/api.w.org\/{rel}","templated":true}]}}