{"id":2484,"date":"2023-06-15T08:33:03","date_gmt":"2023-06-15T05:33:03","guid":{"rendered":"http:\/\/www.9sac.com\/?p=2484"},"modified":"2023-08-11T15:44:56","modified_gmt":"2023-08-11T12:44:56","slug":"cikolata-kahvesi-sac-rengi","status":"publish","type":"post","link":"https:\/\/www.9sac.com\/es\/cikolata-kahvesi-sac-rengi\/","title":{"rendered":"\u00c7ikolata Kahvesi Sa\u00e7 Rengi"},"content":{"rendered":"<p><strong>\u00c7ikolata Kahvesi Sa\u00e7 Rengi ve Modellerini Bu Yaz\u0131m\u0131zda Bu Sa\u00e7 Rengini Seven K\u0131zlar i\u00e7in Bu Sa\u00e7 Rengi Tonlar\u0131n\u0131 \u0130\u00e7eren Resimleri Galerimizde Derledik.<\/strong><\/p>\n<p>Kad\u0131n\u0131 kad\u0131n yapan unsurlar\u0131n ba\u015f\u0131nda sa\u00e7lar\u0131 gelmektedir. Biz kad\u0131nlar sa\u00e7 modelleri kadar sa\u00e7 renklerine de olduk\u00e7a fazla \u00f6nem veririz. Yaz mevsiminin son g\u00fcnlerini ya\u015fad\u0131\u011f\u0131m\u0131z bug\u00fcnlerde yava\u015f yava\u015f sonbahar mevsimine girmekteyiz. Bilirsiniz ki mevsimler aras\u0131 ge\u00e7i\u015flerde trendler her zaman de\u011fi\u015fmektedir. Nitekim yaz mevsimi biterken sonbahar mevsimi ba\u015f\u0131nda sa\u00e7 rengi trendi yava\u015f yava\u015f de\u011fi\u015fmektedir.<\/p>\n<p>Eyl\u00fcl ay\u0131n\u0131n sonu itibari ile sa\u00e7 renklerinde kapal\u0131 tonlar giderek \u00f6n plana \u00e7\u0131kmaya ba\u015flam\u0131\u015ft\u0131r. Kapal\u0131 sa\u00e7 renkleri ile sonbahar mevsimi i\u00e7in olduk\u00e7a ideal renklerdir. Bu renklerin ba\u015f\u0131nda ise kahve tonlar\u0131 gelmektedir. \u00d6zellikle \u00e7ikolata kahvesi son g\u00fcnlerin kad\u0131nlar\u0131n en \u00e7ok tercih etti\u011fi sa\u00e7 renkleri aras\u0131nda gelmektedir.<\/p>\n<p>Sevgili takip\u00e7ilerimiz bildi\u011finiz \u00fczere do\u011fru bir sa\u00e7 rengi yapmak i\u00e7in ilk \u00f6nce ten renginize uyum sa\u011flamas\u0131 gerekmektedir. Bu nedenle \u00e7ikolata kahvesi sa\u00e7 rengi olduk\u00e7a kullan\u0131\u015fl\u0131 bir renktir. \u00c7\u00fcnk\u00fc \u00e7ikolata kahvesi hemen hemen t\u00fcm ten renklerine uyum sa\u011flayarak m\u00fckemmel bir g\u00f6r\u00fcn\u00fcm kazand\u0131rmaktad\u0131r. \u00c7ikolata kahvesi sa\u00e7 renginin bu kadar pop\u00fcler olmas\u0131ndaki bir di\u011fer etken d\u00f6nem trendlerinden olan Ombre ve \u0131\u015f\u0131lt\u0131larla olduk\u00e7a \u015f\u0131k bir uyum yakalamas\u0131d\u0131r. Yani sizlerde \u00c7ikolata kahvesini tercih ettikten sonra bu rengi Ombre ya da \u0131\u015f\u0131lt\u0131larla birlikte kullanabilirsiniz.<\/p>\n<p>\u00c7ikolata kahvesi sa\u00e7 rengini hemen hemen t\u00fcm boya markalar\u0131nda rahatl\u0131kla bulabilirsiniz. Evlerinizde kendinizde kolayca boyayabilece\u011finiz \u00c7ikolata kahvesini sa\u00e7lar\u0131n\u0131zda fazla beklet memeye \u00f6zen g\u00f6steriniz. \u00c7\u00fcnk\u00fc boya \u00fczerinde yazan s\u00fcre zarf\u0131 i\u00e7erisinde hareket etmelisiniz. Boyan\u0131n \u00fczerinde yazan s\u00fcreden fazla bir s\u00fcre sa\u00e7lar\u0131n\u0131zda boyay\u0131 tutarsan\u0131z istedi\u011finiz renge ula\u015famazs\u0131n\u0131z.<\/p>\n","protected":false},"excerpt":{"rendered":"<p>\u00c7ikolata Kahvesi Sa\u00e7 Rengi ve Modellerini Bu Yaz\u0131m\u0131zda Bu Sa\u00e7 Rengini Seven K\u0131zlar i\u00e7in Bu Sa\u00e7 Rengi Tonlar\u0131n\u0131 \u0130\u00e7eren Resimleri Galerimizde Derledik.<\/p>\n<p>Kad\u0131n\u0131 kad\u0131n yapan unsurlar\u0131n ba\u015f\u0131nda sa\u00e7lar\u0131 gelmektedir. Biz kad\u0131nlar sa\u00e7 modelleri kadar sa\u00e7 renklerine de olduk\u00e7a fazla \u00f6nem veririz. Yaz mevsiminin son g\u00fcnlerini ya\u015fad\u0131\u011f\u0131m\u0131z bug\u00fcnlerde yava\u015f yava\u015f sonbahar mevsimine girmekteyiz. Bilirsiniz ki mevsimler aras\u0131 ge\u00e7i\u015flerde trendler her zaman de\u011fi\u015fmektedir. Nitekim yaz mevsimi biterken sonbahar mevsimi ba\u015f\u0131nda sa\u00e7 rengi trendi yava\u015f yava\u015f de\u011fi\u015fmektedir.<\/p>\n<p>Eyl\u00fcl ay\u0131n\u0131n sonu itibari ile sa\u00e7 renklerinde kapal\u0131 tonlar giderek \u00f6n plana \u00e7\u0131kmaya ba\u015flam\u0131\u015ft\u0131r. Kapal\u0131 sa\u00e7 renkleri ile sonbahar mevsimi i\u00e7in olduk\u00e7a ideal renklerdir. Bu renklerin ba\u015f\u0131nda ise kahve tonlar\u0131 gelmektedir. \u00d6zellikle \u00e7ikolata kahvesi son g\u00fcnlerin kad\u0131nlar\u0131n en \u00e7ok tercih etti\u011fi sa\u00e7 renkleri aras\u0131nda gelmektedir.<\/p>\n<p>Sevgili takip\u00e7ilerimiz bildi\u011finiz \u00fczere do\u011fru bir sa\u00e7 rengi yapmak i\u00e7in ilk \u00f6nce ten renginize uyum sa\u011flamas\u0131 gerekmektedir. Bu nedenle \u00e7ikolata kahvesi sa\u00e7 rengi olduk\u00e7a kullan\u0131\u015fl\u0131 bir renktir. \u00c7\u00fcnk\u00fc \u00e7ikolata kahvesi hemen hemen t\u00fcm ten renklerine uyum sa\u011flayarak m\u00fckemmel bir g\u00f6r\u00fcn\u00fcm kazand\u0131rmaktad\u0131r. \u00c7ikolata kahvesi sa\u00e7 renginin bu kadar pop\u00fcler olmas\u0131ndaki bir di\u011fer etken d\u00f6nem trendlerinden olan Ombre ve \u0131\u015f\u0131lt\u0131larla olduk\u00e7a \u015f\u0131k bir uyum yakalamas\u0131d\u0131r. Yani sizlerde \u00c7ikolata kahvesini tercih ettikten sonra bu rengi Ombre ya da \u0131\u015f\u0131lt\u0131larla birlikte kullanabilirsiniz.<\/p>\n<p>\u00c7ikolata kahvesi sa\u00e7 rengini hemen hemen t\u00fcm boya markalar\u0131nda rahatl\u0131kla bulabilirsiniz. Evlerinizde kendinizde kolayca boyayabilece\u011finiz \u00c7ikolata kahvesini sa\u00e7lar\u0131n\u0131zda fazla beklet memeye \u00f6zen g\u00f6steriniz. \u00c7\u00fcnk\u00fc boya \u00fczerinde yazan s\u00fcre zarf\u0131 i\u00e7erisinde hareket etmelisiniz. Boyan\u0131n \u00fczerinde yazan s\u00fcreden fazla bir s\u00fcre sa\u00e7lar\u0131n\u0131zda boyay\u0131 tutarsan\u0131z istedi\u011finiz renge ula\u015famazs\u0131n\u0131z.<\/p>\n","protected":false},"author":1,"featured_media":2490,"comment_status":"open","ping_status":"open","sticky":false,"template":"","format":"standard","meta":{"footnotes":""},"categories":[6],"tags":[],"views":11256,"_links":{"self":[{"href":"https:\/\/www.9sac.com\/es\/wp-json\/wp\/v2\/posts\/2484"}],"collection":[{"href":"https:\/\/www.9sac.com\/es\/wp-json\/wp\/v2\/posts"}],"about":[{"href":"https:\/\/www.9sac.com\/es\/wp-json\/wp\/v2\/types\/post"}],"author":[{"embeddable":true,"href":"https:\/\/www.9sac.com\/es\/wp-json\/wp\/v2\/users\/1"}],"replies":[{"embeddable":true,"href":"https:\/\/www.9sac.com\/es\/wp-json\/wp\/v2\/comments?post=2484"}],"version-history":[{"count":1,"href":"https:\/\/www.9sac.com\/es\/wp-json\/wp\/v2\/posts\/2484\/revisions"}],"predecessor-version":[{"id":5231,"href":"https:\/\/www.9sac.com\/es\/wp-json\/wp\/v2\/posts\/2484\/revisions\/5231"}],"wp:featuredmedia":[{"embeddable":true,"href":"https:\/\/www.9sac.com\/es\/wp-json\/wp\/v2\/media\/2490"}],"wp:attachment":[{"href":"https:\/\/www.9sac.com\/es\/wp-json\/wp\/v2\/media?parent=2484"}],"wp:term":[{"taxonomy":"category","embeddable":true,"href":"https:\/\/www.9sac.com\/es\/wp-json\/wp\/v2\/categories?post=2484"},{"taxonomy":"post_tag","embeddable":true,"href":"https:\/\/www.9sac.com\/es\/wp-json\/wp\/v2\/tags?post=2484"}],"curies":[{"name":"wp","href":"https:\/\/api.w.org\/{rel}","templated":true}]}}