{"id":640,"date":"2023-06-15T10:01:03","date_gmt":"2023-06-15T07:01:03","guid":{"rendered":"http:\/\/www.9sac.com\/?p=640"},"modified":"2023-08-11T15:59:37","modified_gmt":"2023-08-11T12:59:37","slug":"bordo-sac-rengi-ve-modelleri","status":"publish","type":"post","link":"https:\/\/www.9sac.com\/es\/bordo-sac-rengi-ve-modelleri\/","title":{"rendered":"Bordo Sa\u00e7 Rengi ve Modelleri"},"content":{"rendered":"<p><strong>Kendinde bu 2019 yaz\u0131 i\u00e7in bir de\u011fi\u015fiklik isteyen kad\u0131nlar i\u00e7in bordo sa\u00e7 rengi ve 16 g\u00fcze sa\u00e7 modelini bu konumuzda sizlerin be\u011fenisine sunuyoruz. Mutlaka \u00e7ok be\u011fenece\u011fiz modeller olacak.<\/strong><\/p>\n<p>Bordo sa\u00e7 rengi denilince akl\u0131m\u0131za bu isimli renge en yak\u0131n renk olan k\u0131z\u0131l renkler gelmekte yani koyu k\u0131z\u0131l desek daha iyi olur. Yabanc\u0131 ad\u0131 burgundy diye biliniyor fakat bordo sa\u00e7 boyas\u0131 olarak maroon diyede bilinir. Siz de\u011ferli takip\u00e7ilerimiz i\u00e7in galerimizde derledi\u011fimiz 16 g\u00fczel sa\u00e7 rengi modelini payla\u015f\u0131yoruz. 2019 yaz\u0131na farkl\u0131 bir sa\u00e7 rengi ile merhaba demek isteyen bayanlara \u00f6zel bir sa\u00e7 rengi.<\/p>\n<p>&nbsp;<\/p>\n","protected":false},"excerpt":{"rendered":"<p>Kendinde bu 2019 yaz\u0131 i\u00e7in bir de\u011fi\u015fiklik isteyen kad\u0131nlar i\u00e7in bordo sa\u00e7 rengi ve 16 g\u00fcze sa\u00e7 modelini bu konumuzda sizlerin be\u011fenisine sunuyoruz. Mutlaka \u00e7ok be\u011fenece\u011fiz modeller olacak.<\/p>\n<p>Bordo sa\u00e7 rengi denilince akl\u0131m\u0131za bu isimli renge en yak\u0131n renk olan k\u0131z\u0131l renkler gelmekte yani koyu k\u0131z\u0131l desek daha iyi olur. Yabanc\u0131 ad\u0131 burgundy diye biliniyor fakat bordo sa\u00e7 boyas\u0131 olarak maroon diyede bilinir. Siz de\u011ferli takip\u00e7ilerimiz i\u00e7in galerimizde derledi\u011fimiz 16 g\u00fczel sa\u00e7 rengi modelini payla\u015f\u0131yoruz. 2019 yaz\u0131na farkl\u0131 bir sa\u00e7 rengi ile merhaba demek isteyen bayanlara \u00f6zel bir sa\u00e7 rengi.<\/p>\n<p>&nbsp;<\/p>\n","protected":false},"author":1,"featured_media":652,"comment_status":"open","ping_status":"open","sticky":false,"template":"","format":"standard","meta":{"footnotes":""},"categories":[6],"tags":[68,71],"views":15765,"_links":{"self":[{"href":"https:\/\/www.9sac.com\/es\/wp-json\/wp\/v2\/posts\/640"}],"collection":[{"href":"https:\/\/www.9sac.com\/es\/wp-json\/wp\/v2\/posts"}],"about":[{"href":"https:\/\/www.9sac.com\/es\/wp-json\/wp\/v2\/types\/post"}],"author":[{"embeddable":true,"href":"https:\/\/www.9sac.com\/es\/wp-json\/wp\/v2\/users\/1"}],"replies":[{"embeddable":true,"href":"https:\/\/www.9sac.com\/es\/wp-json\/wp\/v2\/comments?post=640"}],"version-history":[{"count":1,"href":"https:\/\/www.9sac.com\/es\/wp-json\/wp\/v2\/posts\/640\/revisions"}],"predecessor-version":[{"id":5238,"href":"https:\/\/www.9sac.com\/es\/wp-json\/wp\/v2\/posts\/640\/revisions\/5238"}],"wp:featuredmedia":[{"embeddable":true,"href":"https:\/\/www.9sac.com\/es\/wp-json\/wp\/v2\/media\/652"}],"wp:attachment":[{"href":"https:\/\/www.9sac.com\/es\/wp-json\/wp\/v2\/media?parent=640"}],"wp:term":[{"taxonomy":"category","embeddable":true,"href":"https:\/\/www.9sac.com\/es\/wp-json\/wp\/v2\/categories?post=640"},{"taxonomy":"post_tag","embeddable":true,"href":"https:\/\/www.9sac.com\/es\/wp-json\/wp\/v2\/tags?post=640"}],"curies":[{"name":"wp","href":"https:\/\/api.w.org\/{rel}","templated":true}]}}