{"id":786,"date":"2023-06-15T19:44:36","date_gmt":"2023-06-15T16:44:36","guid":{"rendered":"http:\/\/www.9sac.com\/?p=786"},"modified":"2023-08-13T14:10:58","modified_gmt":"2023-08-13T11:10:58","slug":"karamel-ve-kahve-sac-renkleri-sac-modelleri-ve-puf-noktalari","status":"publish","type":"post","link":"https:\/\/www.9sac.com\/es\/karamel-ve-kahve-sac-renkleri-sac-modelleri-ve-puf-noktalari\/","title":{"rendered":"Karamel ve Kahve Sa\u00e7 Renkleri, Sa\u00e7 Modelleri ve P\u00fcf Noktalar\u0131"},"content":{"rendered":"<p><strong>Karamel ve kahve sa\u00e7 renkleri, sa\u00e7 modelleri, p\u00fcf noktalar\u0131n\u0131 ve \u0130pu\u00e7lar\u0131n\u0131 bu makalemizde siz de\u011ferli takip\u00e7ilerimizle payla\u015f\u0131yoruz. Sizde 2017 yaz\u0131nda Karamel kahve sa\u00e7 rengine sahip olmak istiyorsan\u0131z buyurun.<\/strong><\/p>\n<p>Sizlerden mailden ald\u0131\u011f\u0131m\u0131z 50 ye yak\u0131n soruyu sitemizde cevaplamaya karar verdik. B\u00f6ylece sitemize i\u015ftirak eden t\u00fcm kad\u0131nlara detayl\u0131 ve i\u00e7erisinde karamel kahve ile ilgili t\u00fcm sorular\u0131 ve cevaplar\u0131 bar\u0131nd\u0131ran g\u00fczel bir konu olacak. Bunun yan\u0131s\u0131ra karamel kahve ile ilgili 60 a yak\u0131n sa\u00e7 model \u00fczerinde sa\u00e7 renklerinin nas\u0131l durdu\u011funu ve modellerini galerimizde g\u00f6receksiniz. Benim tavsiyem e\u011fer bir sa\u00e7 renginin sizde yak\u0131\u015f\u0131p yak\u0131\u015fmayaca\u011f\u0131n\u0131 bilmek istiyorsan\u0131z \u00f6ncelikle o istedi\u011finiz sa\u00e7 rengine ait bir peru\u011fu takarak kendinizde g\u00f6rebilir ve direk olarak kendiniz karar verebilir ve bu sa\u00e7 rengi ile \u00e7ekilmi\u015f foto\u011fraflar\u0131n\u0131z\u0131 e\u015finize dostunuza g\u00f6stererek yorum alabilirsiniz.<\/p>\n<p>Bize en \u00e7ok sorulan sorulardan bir tanesi de en \u00e7ok hangi sa\u00e7 boyas\u0131 markas\u0131n\u0131 \u00f6nerirsiniz oluyor. Cevab\u0131m\u0131 L\u2019Oreal veya Palette oluyor. Ger\u00e7ekten kaliteli boyalar \u00fcretiyorlar. Benim g\u00f6zlerim kahve rengi tenim bu\u011fday sizce bu sa\u00e7 rengi yak\u0131\u015f\u0131r m\u0131 yapmal\u0131 m\u0131y\u0131m? Tarz\u0131nda sorular al\u0131yoruz. Cevab\u0131m\u0131z; E\u011fer ten rengin \u00e7ok koyu bu\u011fday de\u011filse bu rengi kullanabilirsiniz elbette ki. Ancak bu\u011fday ve esmer tenlilere karamel tonlar\u0131n\u0131 pek \u00f6nermiyoruz.<\/p>\n<p>Bu karamel kahve yapacamda ka\u00e7 . ka\u00e7 7.7 mi acaba? gibi sorular al\u0131yoruz. Karamel kahve sa\u00e7 boyas\u0131 hen\u00fcz piyasada yok. Ancak kar\u0131\u015f\u0131m \u00f6nerebiliyorum.<\/p>\n<p>Soru-0: Ben daha \u00f6nce hi\u00e7 sa\u00e7\u0131m\u0131 boyatmad\u0131m. sa\u00e7\u0131m \u015fuan koyu kumral. Ben g\u00fczel ve trend bir sa\u00e7 rengi yapt\u0131rmak istiyorum. acaba hangi renk se\u00e7meliyim \u00a0?<\/p>\n<p>Cevap-0: Karamel sa\u00e7 boyas\u0131 i\u00e7ine yar\u0131m t\u00fcp k\u00fcll\u00fc sar\u0131 sa\u00e7 boyas\u0131 kar\u0131\u015ft\u0131rarak sa\u00e7lar\u0131n\u0131 boyayabilirsin. Ancak \u00f6nce u\u00e7lara 10 dk sonra diplere s\u00fcrmelisin boyay\u0131. Dipler \u00e7abuk a\u00e7\u0131l\u0131r \u00e7\u00fcnk\u00fc.<\/p>\n<p>Soru-1: Ben esmerim ama saclarim cok siyah degil koyu kahverengi ben biraz acik kahve olmasini istiyorum hangisini onerirsiniz sac aciciyla acabilirmiyim?<\/p>\n<p>Cevap-1: Sa\u00e7 a\u00e7\u0131c\u0131yla a\u00e7arsan\u0131z sa\u00e7lar\u0131n\u0131z turuncu olacakt\u0131r. Ben size a\u00e7\u0131k kumral sa\u00e7 boyas\u0131 i\u00e7ine yar\u0131m t\u00fcp k\u00fcll\u00fc sar\u0131 kar\u0131\u015ft\u0131r\u0131p sa\u00e7lar\u0131n\u0131za uygulaman\u0131z\u0131 \u00f6neriyorum. Sa\u00e7 renginiz a\u00e7\u0131k kahverengi tonlar\u0131nda bir renk olacakt\u0131r.<\/p>\n<p>Soru-2: Benim sa\u00e7lar\u0131m platin rofleydi.kuaf\u00f6re gittim karamel dedim.sacima astar yap\u0131p boyand\u0131 ye\u015fermesine diye ama acayip koyu oldu a\u00e7\u0131l\u0131r dedi a\u00e7\u0131lmad\u0131 ne yappmam laz\u0131m karamele d\u00f6nmek i\u00e7in.<\/p>\n<p>Cevap-2: sa\u00e7lar\u0131n\u0131z\u0131 alt\u0131n karamel ile boyayarak sa\u00e7 renginizi a\u00e7abilirsiniz. Sa\u00e7 boyas\u0131n\u0131 sa\u00e7\u0131n\u0131zda 15-20 dk bekletmeniz yeterli olacakt\u0131r. \u00d6nce u\u00e7lara 6-7 dk sonra diplere s\u00fcr\u00fcn dipler daha \u00e7abuk a\u00e7\u0131l\u0131r \u00e7\u00fcnk\u00fc.<br \/>\nSoru-3: Ten esmerim sac rengimi kahverengi tonlarinda yapmak istiyorum acaba yakisirmi?<br \/>\nCevap-3: Elbette yak\u0131\u015f\u0131r karamel kahve yerine bak\u0131r kahve sa\u00e7 rengi esmerlere daha \u00e7ok yak\u0131\u015f\u0131yor.<\/p>\n<p>Bazen karamel kahveden d\u0131\u015f\u0131nda ba\u015fka sa\u00e7 renkleri konusunda sorular\u0131da cevvapl\u0131yoruz.<\/p>\n<p>Soru-4: \u015euan sultan bak\u0131r\u0131 tar\u00e7\u0131n bak\u0131r\u0131 yapmak istiyor sultan bak\u0131rdan tar\u00e7\u0131n bak\u0131ra nas\u0131l d\u00f6n\u00fc\u015f yapabilir.yada yo\u011fun bak\u0131r yapmak istiyor bunun i\u00e7in \u00f6neriniz.<\/p>\n<p>Cevap-4: sultan bak\u0131r\u0131ndan tar\u00e7\u0131n bak\u0131r\u0131na ge\u00e7i\u015f i\u00e7in alt\u0131n sar\u0131 sa\u00e7 boyas\u0131 ile sa\u00e7lar\u0131n\u0131 boyamal\u0131 ve 10-15 dk bekleyip y\u0131kamal\u0131. Yo\u011fun bak\u0131r renk i\u00e7inde yo\u011fun bak\u0131r sa\u00e7 boyalar\u0131n\u0131 kullanabilir.<\/p>\n<p>Sizler i\u00e7in de\u011ferledi\u011fimiz galerimizde t\u00fcm foto\u011fraflar\u0131n alt k\u0131s\u0131mlar\u0131nda di\u011fer soru ve cevaplar\u0131 bulabilirsiniz.<\/p>\n<p>2017 y\u0131l\u0131na \u00f6zel <strong>\u00fcnl\u00fclerin karamel kahve sa\u00e7 renkleri<\/strong>ni 7 g\u00fczel sa\u00e7 modelini sizlerle payla\u015fmak istedik. Gen\u00e7 k\u0131zlara \u00f6zg\u00fc Karamel sa\u00e7 modelleri i\u00e7in bu konuya da g\u00f6z atabilirsiniz.<\/p>\n","protected":false},"excerpt":{"rendered":"<p>Karamel ve kahve sa\u00e7 renkleri, sa\u00e7 modelleri, p\u00fcf noktalar\u0131n\u0131 ve \u0130pu\u00e7lar\u0131n\u0131 bu makalemizde siz de\u011ferli takip\u00e7ilerimizle payla\u015f\u0131yoruz. Sizde 2017 yaz\u0131nda Karamel kahve sa\u00e7 rengine sahip olmak istiyorsan\u0131z buyurun.<\/p>\n<p>Sizlerden mailden ald\u0131\u011f\u0131m\u0131z 50 ye yak\u0131n soruyu sitemizde cevaplamaya karar verdik. B\u00f6ylece sitemize i\u015ftirak eden t\u00fcm kad\u0131nlara detayl\u0131 ve i\u00e7erisinde karamel kahve ile ilgili t\u00fcm sorular\u0131 ve cevaplar\u0131 bar\u0131nd\u0131ran g\u00fczel bir konu olacak. Bunun yan\u0131s\u0131ra karamel kahve ile ilgili 60 a yak\u0131n sa\u00e7 model \u00fczerinde sa\u00e7 renklerinin nas\u0131l durdu\u011funu ve modellerini galerimizde g\u00f6receksiniz. Benim tavsiyem e\u011fer bir sa\u00e7 renginin sizde yak\u0131\u015f\u0131p yak\u0131\u015fmayaca\u011f\u0131n\u0131 bilmek istiyorsan\u0131z \u00f6ncelikle o istedi\u011finiz sa\u00e7 rengine ait bir peru\u011fu takarak kendinizde g\u00f6rebilir ve direk olarak kendiniz karar verebilir ve bu sa\u00e7 rengi ile \u00e7ekilmi\u015f foto\u011fraflar\u0131n\u0131z\u0131 e\u015finize dostunuza g\u00f6stererek yorum alabilirsiniz.<\/p>\n<p>Bize en \u00e7ok sorulan sorulardan bir tanesi de en \u00e7ok hangi sa\u00e7 boyas\u0131 markas\u0131n\u0131 \u00f6nerirsiniz oluyor. Cevab\u0131m\u0131 L\u2019Oreal veya Palette oluyor. Ger\u00e7ekten kaliteli boyalar \u00fcretiyorlar. Benim g\u00f6zlerim kahve rengi tenim bu\u011fday sizce bu sa\u00e7 rengi yak\u0131\u015f\u0131r m\u0131 yapmal\u0131 m\u0131y\u0131m? Tarz\u0131nda sorular al\u0131yoruz. Cevab\u0131m\u0131z; E\u011fer ten rengin \u00e7ok koyu bu\u011fday de\u011filse bu rengi kullanabilirsiniz elbette ki. Ancak bu\u011fday ve esmer tenlilere karamel tonlar\u0131n\u0131 pek \u00f6nermiyoruz.<\/p>\n<p>Bu karamel kahve yapacamda ka\u00e7 . ka\u00e7 7.7 mi acaba? gibi sorular al\u0131yoruz. Karamel kahve sa\u00e7 boyas\u0131 hen\u00fcz piyasada yok. Ancak kar\u0131\u015f\u0131m \u00f6nerebiliyorum.<\/p>\n<p>Soru-0: Ben daha \u00f6nce hi\u00e7 sa\u00e7\u0131m\u0131 boyatmad\u0131m. sa\u00e7\u0131m \u015fuan koyu kumral. Ben g\u00fczel ve trend bir sa\u00e7 rengi yapt\u0131rmak istiyorum. acaba hangi renk se\u00e7meliyim \u00a0?<\/p>\n<p>Cevap-0: Karamel sa\u00e7 boyas\u0131 i\u00e7ine yar\u0131m t\u00fcp k\u00fcll\u00fc sar\u0131 sa\u00e7 boyas\u0131 kar\u0131\u015ft\u0131rarak sa\u00e7lar\u0131n\u0131 boyayabilirsin. Ancak \u00f6nce u\u00e7lara 10 dk sonra diplere s\u00fcrmelisin boyay\u0131. Dipler \u00e7abuk a\u00e7\u0131l\u0131r \u00e7\u00fcnk\u00fc.<\/p>\n<p>Soru-1: Ben esmerim ama saclarim cok siyah degil koyu kahverengi ben biraz acik kahve olmasini istiyorum hangisini onerirsiniz sac aciciyla acabilirmiyim?<\/p>\n<p>Cevap-1: Sa\u00e7 a\u00e7\u0131c\u0131yla a\u00e7arsan\u0131z sa\u00e7lar\u0131n\u0131z turuncu olacakt\u0131r. Ben size a\u00e7\u0131k kumral sa\u00e7 boyas\u0131 i\u00e7ine yar\u0131m t\u00fcp k\u00fcll\u00fc sar\u0131 kar\u0131\u015ft\u0131r\u0131p sa\u00e7lar\u0131n\u0131za uygulaman\u0131z\u0131 \u00f6neriyorum. Sa\u00e7 renginiz a\u00e7\u0131k kahverengi tonlar\u0131nda bir renk olacakt\u0131r.<\/p>\n<p>Soru-2: Benim sa\u00e7lar\u0131m platin rofleydi.kuaf\u00f6re gittim karamel dedim.sacima astar yap\u0131p boyand\u0131 ye\u015fermesine diye ama acayip koyu oldu a\u00e7\u0131l\u0131r dedi a\u00e7\u0131lmad\u0131 ne yappmam laz\u0131m karamele d\u00f6nmek i\u00e7in.<\/p>\n<p>Cevap-2: sa\u00e7lar\u0131n\u0131z\u0131 alt\u0131n karamel ile boyayarak sa\u00e7 renginizi a\u00e7abilirsiniz. Sa\u00e7 boyas\u0131n\u0131 sa\u00e7\u0131n\u0131zda 15-20 dk bekletmeniz yeterli olacakt\u0131r. \u00d6nce u\u00e7lara 6-7 dk sonra diplere s\u00fcr\u00fcn dipler daha \u00e7abuk a\u00e7\u0131l\u0131r \u00e7\u00fcnk\u00fc.<br \/>\nSoru-3: Ten esmerim sac rengimi kahverengi tonlarinda yapmak istiyorum acaba yakisirmi?<br \/>\nCevap-3: Elbette yak\u0131\u015f\u0131r karamel kahve yerine bak\u0131r kahve sa\u00e7 rengi esmerlere daha \u00e7ok yak\u0131\u015f\u0131yor.<\/p>\n<p>Bazen karamel kahveden d\u0131\u015f\u0131nda ba\u015fka sa\u00e7 renkleri konusunda sorular\u0131da cevvapl\u0131yoruz.<\/p>\n<p>Soru-4: \u015euan sultan bak\u0131r\u0131 tar\u00e7\u0131n bak\u0131r\u0131 yapmak istiyor sultan bak\u0131rdan tar\u00e7\u0131n bak\u0131ra nas\u0131l d\u00f6n\u00fc\u015f yapabilir.yada yo\u011fun bak\u0131r yapmak istiyor bunun i\u00e7in \u00f6neriniz.<\/p>\n<p>Cevap-4: sultan bak\u0131r\u0131ndan tar\u00e7\u0131n bak\u0131r\u0131na ge\u00e7i\u015f i\u00e7in alt\u0131n sar\u0131 sa\u00e7 boyas\u0131 ile sa\u00e7lar\u0131n\u0131 boyamal\u0131 ve 10-15 dk bekleyip y\u0131kamal\u0131. Yo\u011fun bak\u0131r renk i\u00e7inde yo\u011fun bak\u0131r sa\u00e7 boyalar\u0131n\u0131 kullanabilir.<\/p>\n<p>Sizler i\u00e7in de\u011ferledi\u011fimiz galerimizde t\u00fcm foto\u011fraflar\u0131n alt k\u0131s\u0131mlar\u0131nda di\u011fer soru ve cevaplar\u0131 bulabilirsiniz.<\/p>\n<p>2017 y\u0131l\u0131na \u00f6zel \u00fcnl\u00fclerin karamel kahve sa\u00e7 renklerini 7 g\u00fczel sa\u00e7 modelini sizlerle payla\u015fmak istedik. Gen\u00e7 k\u0131zlara \u00f6zg\u00fc Karamel sa\u00e7 modelleri i\u00e7in bu konuya da g\u00f6z atabilirsiniz.<\/p>\n","protected":false},"author":1,"featured_media":814,"comment_status":"open","ping_status":"open","sticky":false,"template":"","format":"standard","meta":{"footnotes":""},"categories":[65,8,6],"tags":[68,71],"views":370955,"_links":{"self":[{"href":"https:\/\/www.9sac.com\/es\/wp-json\/wp\/v2\/posts\/786"}],"collection":[{"href":"https:\/\/www.9sac.com\/es\/wp-json\/wp\/v2\/posts"}],"about":[{"href":"https:\/\/www.9sac.com\/es\/wp-json\/wp\/v2\/types\/post"}],"author":[{"embeddable":true,"href":"https:\/\/www.9sac.com\/es\/wp-json\/wp\/v2\/users\/1"}],"replies":[{"embeddable":true,"href":"https:\/\/www.9sac.com\/es\/wp-json\/wp\/v2\/comments?post=786"}],"version-history":[{"count":1,"href":"https:\/\/www.9sac.com\/es\/wp-json\/wp\/v2\/posts\/786\/revisions"}],"predecessor-version":[{"id":5466,"href":"https:\/\/www.9sac.com\/es\/wp-json\/wp\/v2\/posts\/786\/revisions\/5466"}],"wp:featuredmedia":[{"embeddable":true,"href":"https:\/\/www.9sac.com\/es\/wp-json\/wp\/v2\/media\/814"}],"wp:attachment":[{"href":"https:\/\/www.9sac.com\/es\/wp-json\/wp\/v2\/media?parent=786"}],"wp:term":[{"taxonomy":"category","embeddable":true,"href":"https:\/\/www.9sac.com\/es\/wp-json\/wp\/v2\/categories?post=786"},{"taxonomy":"post_tag","embeddable":true,"href":"https:\/\/www.9sac.com\/es\/wp-json\/wp\/v2\/tags?post=786"}],"curies":[{"name":"wp","href":"https:\/\/api.w.org\/{rel}","templated":true}]}}