{"id":1638,"date":"2023-06-15T23:06:52","date_gmt":"2023-06-15T20:06:52","guid":{"rendered":"http:\/\/www.9sac.com\/?p=1638"},"modified":"2021-02-02T19:00:27","modified_gmt":"2021-02-02T16:00:27","slug":"2018-moda-olabilecek-sac-renkleri-ve-modelleri","status":"publish","type":"post","link":"https:\/\/www.9sac.com\/zh\/2018-moda-olabilecek-sac-renkleri-ve-modelleri\/","title":{"rendered":"2021 Moda Olabilecek Sa\u00e7 Renkleri ve Modelleri"},"content":{"rendered":"<p><strong>2021 Moda Olabilecek Sa\u00e7 Renkleri ve Modellerini \u015eimdiden Moday\u0131 Takip Etmeyi ve Uymay\u0131 Seven Kad\u0131nlar i\u00e7in Bu Yaz\u0131m\u0131zda Derledik.<\/strong><\/p>\n<p>De\u011ferli okurlar\u0131m\u0131z moda d\u00fcnyas\u0131nda s\u00fcrekli geli\u015fmeler ve yenilikler ya\u015fanmaktad\u0131r. Moda d\u00fcnyas\u0131n\u0131n bu kadar h\u0131zl\u0131 de\u011fi\u015fti\u011fi ve geli\u015fti\u011fi bug\u00fcnlerde kad\u0131nlar\u0131n en \u00e7ok merak etti\u011fi konular\u0131n ba\u015f\u0131nda 2021 y\u0131l\u0131n\u0131n sa\u00e7 renkleri ve modelleri gelmektedir. \u00c7\u00fcnk\u00fc 2021 y\u0131l\u0131n\u0131n trend sa\u00e7 renkleri ve modellerini \u00f6\u011frenerek sa\u00e7lar\u0131na uygulay\u0131p \u015f\u0131k g\u00f6r\u00fcnmek isteyeceklerdir.<\/p>\n<p>2021 y\u0131l\u0131n\u0131n yava\u015f yava\u015f ortas\u0131ndan \u00e7\u0131karak yaz mevsiminin sonlar\u0131na geldi\u011fimiz bug\u00fcnlerde bir\u00e7ok sa\u00e7 rengi ve sa\u00e7 modeli trend listesinin \u00fcst s\u0131ralar\u0131na do\u011fru t\u0131rmanmaktad\u0131r. Ge\u00e7en di\u011fer y\u0131llarda daha \u00e7ok k\u0131z\u0131l siyah kumral sar\u0131\u015f\u0131n renkleri kad\u0131nlar\u0131n en \u00e7ok tercih etti\u011fi ve en pop\u00fcler sa\u00e7 renkleri aras\u0131nda yer almaktayd\u0131. Ancak g\u00fcn\u00fcm\u00fczde sitemiz \u00e7al\u0131\u015fanlar\u0131 taraf\u0131ndan yap\u0131lan ara\u015ft\u0131rmalara g\u00f6re bu renkler art\u0131k eskiye nazaran daha az kullan\u0131lmaktad\u0131r. 2021 y\u0131l\u0131nda tercih edilen sa\u00e7 renkleri aras\u0131nda canl\u0131 ve parlak renkler yer almaktad\u0131r. Bu renkler nedir diye soruyorsan\u0131z daha \u00e7ok u\u00e7uk renkler kar\u015f\u0131m\u0131za \u00e7\u0131kmaktad\u0131r. Mavi, turuncu , ye\u015fil gibi canl\u0131 renkleri art\u0131k sokakta ve di\u011fer yerlerde kad\u0131nlar\u0131n sa\u00e7\u0131nda g\u00f6rmek ola\u011fan d\u0131\u015f\u0131 bir durum olmaktan \u00e7\u0131km\u0131\u015ft\u0131r. Ayr\u0131ca do\u011fru kullan\u0131ld\u0131\u011f\u0131 takdirde olduk\u00e7a \u015f\u0131k ve modern duran bu renkleri sizlerde tercih ederken farkl\u0131 ve cesur yap\u0131n\u0131z\u0131 \u00f6n plana \u00e7\u0131karabilirsiniz. Daha \u00e7ok gen\u00e7 bayanlar taraf\u0131ndan tercih edilen bu renkleri sizlerde kullanarak daha gen\u00e7 bir g\u00f6r\u00fcn\u00fcm elde edebilirsiniz.<\/p>\n<p>Bohem ya\u015fam ak\u0131m\u0131n\u0131n \u00fclkemizde giderek \u00fcn kazanmas\u0131yla birlikte sa\u00e7 modelleri de bu ak\u0131mdan etkilenmi\u015ftir. Ana felsefesi olarak rahatl\u0131k ele alan bohem ya\u015fam ak\u0131m\u0131 sayesinde rahat sa\u00e7 modelleri 2021 y\u0131l\u0131n\u0131n en \u00e7ok tercih edilen sa\u00e7 modelleri aras\u0131nda yer alm\u0131\u015ft\u0131r.<\/p>\n<p>Bu listenin ba\u015f\u0131nda \u00f6rg\u00fcler gelmektedir. \u00d6rg\u00fc sa\u00e7 modeli bildi\u011finiz \u00fczere kad\u0131nlar\u0131n kurtar\u0131c\u0131 niteli\u011finde tercih etti\u011fi sa\u00e7 modellerindendir. Yap\u0131m\u0131 bak\u0131m\u0131ndan da olduk\u00e7a basit olan \u00f6rg\u00fc sa\u00e7 modelini g\u00fcndelik hayat\u0131n\u0131zda kullanabildi\u011finiz gibi \u00f6zel gece ve davetlerde de rahatl\u0131kla kullanabilirsiniz.<\/p>\n<p>2021 y\u0131l\u0131n\u0131n en \u00e7ok tercih edilen sa\u00e7 modellerinden bir di\u011feri ise savruk topuz modelidir. \u00d6zellikle d\u00fc\u011f\u00fcn sezonu olmas\u0131 dolay\u0131s\u0131yla savruk topuz modelleri \u015fu an kullan\u0131m\u0131 olduk\u00e7a fazlad\u0131r. Gelinlerin en \u00e7ok tercih etti\u011fi sa\u00e7 modellerinden olan savruk topuz modelini sizler g\u00fcndelik ya\u015fant\u0131n\u0131zda da tercih edebilirsiniz.<\/p>\n<p>\u00d6zellikle sar\u0131 sa\u00e7 rengi ve a\u00e7\u0131k sa\u00e7 rengi tonlar\u0131 2021 y\u0131l\u0131n\u0131n \u00e7ok\u00e7a g\u00f6rece\u011fimiz sa\u00e7 renklerinden olacak.<\/p>\n\n\t\t<style>\n\t\t\t#gallery-1 {\n\t\t\t\tmargin: auto;\n\t\t\t}\n\t\t\t#gallery-1 .gallery-item {\n\t\t\t\tfloat: left;\n\t\t\t\tmargin-top: 10px;\n\t\t\t\ttext-align: center;\n\t\t\t\twidth: 33%;\n\t\t\t}\n\t\t\t#gallery-1 img {\n\t\t\t\tborder: 2px solid #cfcfcf;\n\t\t\t}\n\t\t\t#gallery-1 .gallery-caption {\n\t\t\t\tmargin-left: 0;\n\t\t\t}\n\t\t\t\/* see gallery_shortcode() in wp-includes\/media.php *\/\n\t\t<\/style>\n\t\t<div id='gallery-1' class='gallery galleryid-1638 gallery-columns-3 gallery-size-thumbnail'><dl class='gallery-item'>\n\t\t\t<dt class='gallery-icon portrait'>\n\t\t\t\t<a href='https:\/\/www.9sac.com\/zh\/2018-moda-olabilecek-sac-renkleri-ve-modelleri\/2016-orgu-sac-modeli\/'><img decoding=\"async\" width=\"150\" height=\"150\" src=\"https:\/\/www.9sac.com\/wp-content\/uploads\/2016\/08\/2016-orgu-sac-modeli-150x150.jpg\" class=\"attachment-thumbnail size-thumbnail\" alt=\"2018 orgu sa\u00e7 modeli\" aria-describedby=\"gallery-1-1642\" \/><\/a>\n\t\t\t<\/dt>\n\t\t\t\t<dd class='wp-caption-text gallery-caption' id='gallery-1-1642'>\n\t\t\t\t2018 orgu sa\u00e7 modeli\n\t\t\t\t<\/dd><\/dl><dl class='gallery-item'>\n\t\t\t<dt class='gallery-icon portrait'>\n\t\t\t\t<a href='https:\/\/www.9sac.com\/zh\/2018-moda-olabilecek-sac-renkleri-ve-modelleri\/2016-sac-modelleri\/'><img decoding=\"async\" width=\"150\" height=\"150\" src=\"https:\/\/www.9sac.com\/wp-content\/uploads\/2016\/08\/2016-sac-modelleri-150x150.jpg\" class=\"attachment-thumbnail size-thumbnail\" alt=\"2018 sa\u00e7 modelleri\" aria-describedby=\"gallery-1-1643\" \/><\/a>\n\t\t\t<\/dt>\n\t\t\t\t<dd class='wp-caption-text gallery-caption' id='gallery-1-1643'>\n\t\t\t\t2018 sa\u00e7 modelleri\n\t\t\t\t<\/dd><\/dl><dl class='gallery-item'>\n\t\t\t<dt class='gallery-icon portrait'>\n\t\t\t\t<a href='https:\/\/www.9sac.com\/zh\/2018-moda-olabilecek-sac-renkleri-ve-modelleri\/2016-sac-rengi-modasi\/'><img decoding=\"async\" width=\"150\" height=\"150\" src=\"https:\/\/www.9sac.com\/wp-content\/uploads\/2016\/08\/2016-sac-rengi-modasi-150x150.jpg\" class=\"attachment-thumbnail size-thumbnail\" alt=\"2018 sa\u00e7 rengi modas\u0131\" aria-describedby=\"gallery-1-1644\" \/><\/a>\n\t\t\t<\/dt>\n\t\t\t\t<dd class='wp-caption-text gallery-caption' id='gallery-1-1644'>\n\t\t\t\t2018 sa\u00e7 rengi modas\u0131\n\t\t\t\t<\/dd><\/dl><br style=\"clear: both\" \/><dl class='gallery-item'>\n\t\t\t<dt class='gallery-icon landscape'>\n\t\t\t\t<a href='https:\/\/www.9sac.com\/zh\/2018-moda-olabilecek-sac-renkleri-ve-modelleri\/2016-sac-rengi-modelleri\/'><img decoding=\"async\" width=\"150\" height=\"150\" src=\"https:\/\/www.9sac.com\/wp-content\/uploads\/2016\/08\/2016-sac-rengi-modelleri-150x150.jpg\" class=\"attachment-thumbnail size-thumbnail\" alt=\"2018 sa\u00e7 rengi modelleri\" aria-describedby=\"gallery-1-1645\" \/><\/a>\n\t\t\t<\/dt>\n\t\t\t\t<dd class='wp-caption-text gallery-caption' id='gallery-1-1645'>\n\t\t\t\t2018 sa\u00e7 rengi modelleri\n\t\t\t\t<\/dd><\/dl><dl class='gallery-item'>\n\t\t\t<dt class='gallery-icon portrait'>\n\t\t\t\t<a href='https:\/\/www.9sac.com\/zh\/2018-moda-olabilecek-sac-renkleri-ve-modelleri\/2016-sac-rengi-trendleri\/'><img decoding=\"async\" width=\"150\" height=\"150\" src=\"https:\/\/www.9sac.com\/wp-content\/uploads\/2016\/08\/2016-sac-rengi-trendleri-150x150.jpg\" class=\"attachment-thumbnail size-thumbnail\" alt=\"2018 sa\u00e7 rengi trendleri\" aria-describedby=\"gallery-1-1646\" \/><\/a>\n\t\t\t<\/dt>\n\t\t\t\t<dd class='wp-caption-text gallery-caption' id='gallery-1-1646'>\n\t\t\t\t2018 sa\u00e7 rengi trendleri\n\t\t\t\t<\/dd><\/dl><dl class='gallery-item'>\n\t\t\t<dt class='gallery-icon portrait'>\n\t\t\t\t<a href='https:\/\/www.9sac.com\/zh\/2018-moda-olabilecek-sac-renkleri-ve-modelleri\/2016-sac-renkleri-2\/'><img decoding=\"async\" width=\"150\" height=\"150\" src=\"https:\/\/www.9sac.com\/wp-content\/uploads\/2016\/08\/2016-sac-renkleri-150x150.jpg\" class=\"attachment-thumbnail size-thumbnail\" alt=\"2018 sa\u00e7 renkleri\" aria-describedby=\"gallery-1-1647\" \/><\/a>\n\t\t\t<\/dt>\n\t\t\t\t<dd class='wp-caption-text gallery-caption' id='gallery-1-1647'>\n\t\t\t\t2018 sa\u00e7 renkleri\n\t\t\t\t<\/dd><\/dl><br style=\"clear: both\" \/><dl class='gallery-item'>\n\t\t\t<dt class='gallery-icon portrait'>\n\t\t\t\t<a href='https:\/\/www.9sac.com\/zh\/2018-moda-olabilecek-sac-renkleri-ve-modelleri\/2016-savruk-topuz-modeli\/'><img decoding=\"async\" width=\"150\" height=\"150\" src=\"https:\/\/www.9sac.com\/wp-content\/uploads\/2016\/08\/2016-savruk-topuz-modeli-150x150.jpg\" class=\"attachment-thumbnail size-thumbnail\" alt=\"2018 savruk topuz modeli\" aria-describedby=\"gallery-1-1648\" \/><\/a>\n\t\t\t<\/dt>\n\t\t\t\t<dd class='wp-caption-text gallery-caption' id='gallery-1-1648'>\n\t\t\t\t2018 savruk topuz modeli\n\t\t\t\t<\/dd><\/dl><dl class='gallery-item'>\n\t\t\t<dt class='gallery-icon portrait'>\n\t\t\t\t<a href='https:\/\/www.9sac.com\/zh\/2018-moda-olabilecek-sac-renkleri-ve-modelleri\/daginik-topuz-modelleri\/'><img decoding=\"async\" width=\"150\" height=\"150\" src=\"https:\/\/www.9sac.com\/wp-content\/uploads\/2016\/08\/daginik-topuz-modelleri-150x150.jpg\" class=\"attachment-thumbnail size-thumbnail\" alt=\"Da\u011f\u0131n\u0131k topuz modelleri\" aria-describedby=\"gallery-1-1649\" \/><\/a>\n\t\t\t<\/dt>\n\t\t\t\t<dd class='wp-caption-text gallery-caption' id='gallery-1-1649'>\n\t\t\t\tDa\u011f\u0131n\u0131k topuz modelleri\n\t\t\t\t<\/dd><\/dl><dl class='gallery-item'>\n\t\t\t<dt class='gallery-icon portrait'>\n\t\t\t\t<a href='https:\/\/www.9sac.com\/zh\/2018-moda-olabilecek-sac-renkleri-ve-modelleri\/sac-rengi-modelleri\/'><img decoding=\"async\" width=\"150\" height=\"150\" src=\"https:\/\/www.9sac.com\/wp-content\/uploads\/2016\/08\/sac-rengi-modelleri-150x150.jpg\" class=\"attachment-thumbnail size-thumbnail\" alt=\"Sa\u00e7 rengi modelleri 2018\" aria-describedby=\"gallery-1-1650\" \/><\/a>\n\t\t\t<\/dt>\n\t\t\t\t<dd class='wp-caption-text gallery-caption' id='gallery-1-1650'>\n\t\t\t\tSa\u00e7 rengi modelleri 2018\n\t\t\t\t<\/dd><\/dl><br style=\"clear: both\" \/><dl class='gallery-item'>\n\t\t\t<dt class='gallery-icon landscape'>\n\t\t\t\t<a href='https:\/\/www.9sac.com\/zh\/2018-moda-olabilecek-sac-renkleri-ve-modelleri\/sac-renkleri\/'><img decoding=\"async\" width=\"150\" height=\"150\" src=\"https:\/\/www.9sac.com\/wp-content\/uploads\/2016\/08\/sac-renkleri-150x150.jpg\" class=\"attachment-thumbnail size-thumbnail\" alt=\"Sa\u00e7 renkleri\" aria-describedby=\"gallery-1-1651\" \/><\/a>\n\t\t\t<\/dt>\n\t\t\t\t<dd class='wp-caption-text gallery-caption' id='gallery-1-1651'>\n\t\t\t\tSa\u00e7 renkleri\n\t\t\t\t<\/dd><\/dl><dl class='gallery-item'>\n\t\t\t<dt class='gallery-icon portrait'>\n\t\t\t\t<a href='https:\/\/www.9sac.com\/zh\/2018-moda-olabilecek-sac-renkleri-ve-modelleri\/sac-renkleri-2016\/'><img decoding=\"async\" width=\"150\" height=\"150\" src=\"https:\/\/www.9sac.com\/wp-content\/uploads\/2016\/08\/sac-renkleri-2016-150x150.jpg\" class=\"attachment-thumbnail size-thumbnail\" alt=\"Sa\u00e7 renkleri 2018\" aria-describedby=\"gallery-1-1652\" srcset=\"https:\/\/www.9sac.com\/wp-content\/uploads\/2016\/08\/sac-renkleri-2016-150x150.jpg 150w, https:\/\/www.9sac.com\/wp-content\/uploads\/2016\/08\/sac-renkleri-2016-300x300.jpg 300w, https:\/\/www.9sac.com\/wp-content\/uploads\/2016\/08\/sac-renkleri-2016.jpg 419w\" sizes=\"(max-width: 150px) 100vw, 150px\" \/><\/a>\n\t\t\t<\/dt>\n\t\t\t\t<dd class='wp-caption-text gallery-caption' id='gallery-1-1652'>\n\t\t\t\tSa\u00e7 renkleri 2018\n\t\t\t\t<\/dd><\/dl><dl class='gallery-item'>\n\t\t\t<dt class='gallery-icon portrait'>\n\t\t\t\t<a href='https:\/\/www.9sac.com\/zh\/2018-moda-olabilecek-sac-renkleri-ve-modelleri\/topuz-modelleri\/'><img decoding=\"async\" width=\"150\" height=\"150\" src=\"https:\/\/www.9sac.com\/wp-content\/uploads\/2016\/08\/topuz-modelleri-150x150.jpg\" class=\"attachment-thumbnail size-thumbnail\" alt=\"Topuz modelleri\" aria-describedby=\"gallery-1-1653\" \/><\/a>\n\t\t\t<\/dt>\n\t\t\t\t<dd class='wp-caption-text gallery-caption' id='gallery-1-1653'>\n\t\t\t\tTopuz modelleri\n\t\t\t\t<\/dd><\/dl><br style=\"clear: both\" \/><dl class='gallery-item'>\n\t\t\t<dt class='gallery-icon portrait'>\n\t\t\t\t<a href='https:\/\/www.9sac.com\/zh\/2018-moda-olabilecek-sac-renkleri-ve-modelleri\/2016-mavi-sac-modasi\/'><img decoding=\"async\" width=\"150\" height=\"150\" src=\"https:\/\/www.9sac.com\/wp-content\/uploads\/2016\/08\/2016-mavi-sac-modasi-150x150.jpg\" class=\"attachment-thumbnail size-thumbnail\" alt=\"2018 mavi sa\u00e7 modas\u0131\" aria-describedby=\"gallery-1-1640\" \/><\/a>\n\t\t\t<\/dt>\n\t\t\t\t<dd class='wp-caption-text gallery-caption' id='gallery-1-1640'>\n\t\t\t\t2018 mavi sa\u00e7 modas\u0131\n\t\t\t\t<\/dd><\/dl><dl class='gallery-item'>\n\t\t\t<dt class='gallery-icon portrait'>\n\t\t\t\t<a href='https:\/\/www.9sac.com\/zh\/2018-moda-olabilecek-sac-renkleri-ve-modelleri\/2016-gri-sac-modasi\/'><img decoding=\"async\" width=\"150\" height=\"150\" src=\"https:\/\/www.9sac.com\/wp-content\/uploads\/2016\/08\/2016-gri-sac-modasi-150x150.jpg\" class=\"attachment-thumbnail size-thumbnail\" alt=\"2018 gri sa\u00e7 modas\u0131\" aria-describedby=\"gallery-1-1639\" srcset=\"https:\/\/www.9sac.com\/wp-content\/uploads\/2016\/08\/2016-gri-sac-modasi-150x150.jpg 150w, https:\/\/www.9sac.com\/wp-content\/uploads\/2016\/08\/2016-gri-sac-modasi-300x300.jpg 300w, https:\/\/www.9sac.com\/wp-content\/uploads\/2016\/08\/2016-gri-sac-modasi.jpg 419w\" sizes=\"(max-width: 150px) 100vw, 150px\" \/><\/a>\n\t\t\t<\/dt>\n\t\t\t\t<dd class='wp-caption-text gallery-caption' id='gallery-1-1639'>\n\t\t\t\t2018 gri sa\u00e7 modas\u0131\n\t\t\t\t<\/dd><\/dl><dl class='gallery-item'>\n\t\t\t<dt class='gallery-icon portrait'>\n\t\t\t\t<a href='https:\/\/www.9sac.com\/zh\/2018-moda-olabilecek-sac-renkleri-ve-modelleri\/2016-mor-sac-modasi\/'><img decoding=\"async\" width=\"150\" height=\"150\" src=\"https:\/\/www.9sac.com\/wp-content\/uploads\/2016\/08\/2016-mor-sac-modasi-150x150.jpg\" class=\"attachment-thumbnail size-thumbnail\" alt=\"2018 mor sa\u00e7 modas\u0131\" aria-describedby=\"gallery-1-1641\" \/><\/a>\n\t\t\t<\/dt>\n\t\t\t\t<dd class='wp-caption-text gallery-caption' id='gallery-1-1641'>\n\t\t\t\t2018 mor sa\u00e7 modas\u0131\n\t\t\t\t<\/dd><\/dl><br style=\"clear: both\" \/><dl class='gallery-item'>\n\t\t\t<dt class='gallery-icon landscape'>\n\t\t\t\t<a href='https:\/\/www.9sac.com\/zh\/2018-moda-olabilecek-sac-renkleri-ve-modelleri\/2018-moda-olan-sari-sac-renkleri\/'><img decoding=\"async\" width=\"150\" height=\"150\" src=\"https:\/\/www.9sac.com\/wp-content\/uploads\/2017\/12\/2018-moda-olan-sari-sac-renkleri-150x150.jpg\" class=\"attachment-thumbnail size-thumbnail\" alt=\"\" aria-describedby=\"gallery-1-4135\" \/><\/a>\n\t\t\t<\/dt>\n\t\t\t\t<dd class='wp-caption-text gallery-caption' id='gallery-1-4135'>\n\t\t\t\t2018 Moda olan sar\u0131 sa\u00e7 renkleri\n\t\t\t\t<\/dd><\/dl><dl class='gallery-item'>\n\t\t\t<dt class='gallery-icon landscape'>\n\t\t\t\t<a href='https:\/\/www.9sac.com\/zh\/2018-moda-olabilecek-sac-renkleri-ve-modelleri\/2018-trend-sac-renkleri-hakkinda-bilgiler\/'><img decoding=\"async\" width=\"150\" height=\"150\" src=\"https:\/\/www.9sac.com\/wp-content\/uploads\/2017\/12\/2018-trend-sac-renkleri-hakkinda-bilgiler-150x150.jpg\" class=\"attachment-thumbnail size-thumbnail\" alt=\"2018 Trend sa\u00e7 renkleri hakk\u0131nda bilgiler\" aria-describedby=\"gallery-1-4136\" \/><\/a>\n\t\t\t<\/dt>\n\t\t\t\t<dd class='wp-caption-text gallery-caption' id='gallery-1-4136'>\n\t\t\t\t2018 Trend sa\u00e7 renkleri hakk\u0131nda bilgiler\n\t\t\t\t<\/dd><\/dl>\n\t\t\t<br style='clear: both' \/>\n\t\t<\/div>\n\n","protected":false},"excerpt":{"rendered":"<p>2021 Moda Olabilecek Sa\u00e7 Renkleri ve Modellerini \u015eimdiden Moday\u0131 Takip Etmeyi ve Uymay\u0131 Seven Kad\u0131nlar i\u00e7in Bu Yaz\u0131m\u0131zda Derledik.<\/p>\n<p>De\u011ferli okurlar\u0131m\u0131z moda d\u00fcnyas\u0131nda s\u00fcrekli geli\u015fmeler ve yenilikler ya\u015fanmaktad\u0131r. Moda d\u00fcnyas\u0131n\u0131n bu kadar h\u0131zl\u0131 de\u011fi\u015fti\u011fi ve geli\u015fti\u011fi bug\u00fcnlerde kad\u0131nlar\u0131n en \u00e7ok merak etti\u011fi konular\u0131n ba\u015f\u0131nda 2021 y\u0131l\u0131n\u0131n sa\u00e7 renkleri ve modelleri gelmektedir. \u00c7\u00fcnk\u00fc 2021 y\u0131l\u0131n\u0131n trend sa\u00e7 renkleri ve modellerini \u00f6\u011frenerek sa\u00e7lar\u0131na uygulay\u0131p \u015f\u0131k g\u00f6r\u00fcnmek isteyeceklerdir.<\/p>\n<p>2021 y\u0131l\u0131n\u0131n yava\u015f yava\u015f ortas\u0131ndan \u00e7\u0131karak yaz mevsiminin sonlar\u0131na geldi\u011fimiz bug\u00fcnlerde bir\u00e7ok sa\u00e7 rengi ve sa\u00e7 modeli trend listesinin \u00fcst s\u0131ralar\u0131na do\u011fru t\u0131rmanmaktad\u0131r. Ge\u00e7en di\u011fer y\u0131llarda daha \u00e7ok k\u0131z\u0131l siyah kumral sar\u0131\u015f\u0131n renkleri kad\u0131nlar\u0131n en \u00e7ok tercih etti\u011fi ve en pop\u00fcler sa\u00e7 renkleri aras\u0131nda yer almaktayd\u0131. Ancak g\u00fcn\u00fcm\u00fczde sitemiz \u00e7al\u0131\u015fanlar\u0131 taraf\u0131ndan yap\u0131lan ara\u015ft\u0131rmalara g\u00f6re bu renkler art\u0131k eskiye nazaran daha az kullan\u0131lmaktad\u0131r. 2021 y\u0131l\u0131nda tercih edilen sa\u00e7 renkleri aras\u0131nda canl\u0131 ve parlak renkler yer almaktad\u0131r. Bu renkler nedir diye soruyorsan\u0131z daha \u00e7ok u\u00e7uk renkler kar\u015f\u0131m\u0131za \u00e7\u0131kmaktad\u0131r. Mavi, turuncu , ye\u015fil gibi canl\u0131 renkleri art\u0131k sokakta ve di\u011fer yerlerde kad\u0131nlar\u0131n sa\u00e7\u0131nda g\u00f6rmek ola\u011fan d\u0131\u015f\u0131 bir durum olmaktan \u00e7\u0131km\u0131\u015ft\u0131r. Ayr\u0131ca do\u011fru kullan\u0131ld\u0131\u011f\u0131 takdirde olduk\u00e7a \u015f\u0131k ve modern duran bu renkleri sizlerde tercih ederken farkl\u0131 ve cesur yap\u0131n\u0131z\u0131 \u00f6n plana \u00e7\u0131karabilirsiniz. Daha \u00e7ok gen\u00e7 bayanlar taraf\u0131ndan tercih edilen bu renkleri sizlerde kullanarak daha gen\u00e7 bir g\u00f6r\u00fcn\u00fcm elde edebilirsiniz.<\/p>\n<p>Bohem ya\u015fam ak\u0131m\u0131n\u0131n \u00fclkemizde giderek \u00fcn kazanmas\u0131yla birlikte sa\u00e7 modelleri de bu ak\u0131mdan etkilenmi\u015ftir. Ana felsefesi olarak rahatl\u0131k ele alan bohem ya\u015fam ak\u0131m\u0131 sayesinde rahat sa\u00e7 modelleri 2021 y\u0131l\u0131n\u0131n en \u00e7ok tercih edilen sa\u00e7 modelleri aras\u0131nda yer alm\u0131\u015ft\u0131r.<\/p>\n<p>Bu listenin ba\u015f\u0131nda \u00f6rg\u00fcler gelmektedir. \u00d6rg\u00fc sa\u00e7 modeli bildi\u011finiz \u00fczere kad\u0131nlar\u0131n kurtar\u0131c\u0131 niteli\u011finde tercih etti\u011fi sa\u00e7 modellerindendir. Yap\u0131m\u0131 bak\u0131m\u0131ndan da olduk\u00e7a basit olan \u00f6rg\u00fc sa\u00e7 modelini g\u00fcndelik hayat\u0131n\u0131zda kullanabildi\u011finiz gibi \u00f6zel gece ve davetlerde de rahatl\u0131kla kullanabilirsiniz.<\/p>\n<p>2021 y\u0131l\u0131n\u0131n en \u00e7ok tercih edilen sa\u00e7 modellerinden bir di\u011feri ise savruk topuz modelidir. \u00d6zellikle d\u00fc\u011f\u00fcn sezonu olmas\u0131 dolay\u0131s\u0131yla savruk topuz modelleri \u015fu an kullan\u0131m\u0131 olduk\u00e7a fazlad\u0131r. Gelinlerin en \u00e7ok tercih etti\u011fi sa\u00e7 modellerinden olan savruk topuz modelini sizler g\u00fcndelik ya\u015fant\u0131n\u0131zda da tercih edebilirsiniz.<\/p>\n<p>\u00d6zellikle sar\u0131 sa\u00e7 rengi ve a\u00e7\u0131k sa\u00e7 rengi tonlar\u0131 2021 y\u0131l\u0131n\u0131n \u00e7ok\u00e7a g\u00f6rece\u011fimiz sa\u00e7 renklerinden olacak.<\/p>\n\n\t\t<style>\n\t\t\t#gallery-2 {\n\t\t\t\tmargin: auto;\n\t\t\t}\n\t\t\t#gallery-2 .gallery-item {\n\t\t\t\tfloat: left;\n\t\t\t\tmargin-top: 10px;\n\t\t\t\ttext-align: center;\n\t\t\t\twidth: 33%;\n\t\t\t}\n\t\t\t#gallery-2 img {\n\t\t\t\tborder: 2px solid #cfcfcf;\n\t\t\t}\n\t\t\t#gallery-2 .gallery-caption {\n\t\t\t\tmargin-left: 0;\n\t\t\t}\n\t\t\t\/* see gallery_shortcode() in wp-includes\/media.php *\/\n\t\t<\/style>\n\t\t<div id='gallery-2' class='gallery galleryid-1638 gallery-columns-3 gallery-size-thumbnail'><dl class='gallery-item'>\n\t\t\t<dt class='gallery-icon portrait'>\n\t\t\t\t<a href='https:\/\/www.9sac.com\/zh\/2018-moda-olabilecek-sac-renkleri-ve-modelleri\/2016-orgu-sac-modeli\/'><img width=\"150\" height=\"150\" src=\"https:\/\/www.9sac.com\/wp-content\/uploads\/2016\/08\/2016-orgu-sac-modeli-150x150.jpg\" class=\"attachment-thumbnail size-thumbnail\" alt=\"2018 orgu sa\u00e7 modeli\" aria-describedby=\"gallery-2-1642\" decoding=\"async\" \/><\/a>\n\t\t\t<\/dt>\n\t\t\t\t<dd class='wp-caption-text gallery-caption' id='gallery-2-1642'>\n\t\t\t\t2018 orgu sa\u00e7 modeli\n\t\t\t\t<\/dd><\/dl><dl class='gallery-item'>\n\t\t\t<dt class='gallery-icon portrait'>\n\t\t\t\t<a href='https:\/\/www.9sac.com\/zh\/2018-moda-olabilecek-sac-renkleri-ve-modelleri\/2016-sac-modelleri\/'><img width=\"150\" height=\"150\" src=\"https:\/\/www.9sac.com\/wp-content\/uploads\/2016\/08\/2016-sac-modelleri-150x150.jpg\" class=\"attachment-thumbnail size-thumbnail\" alt=\"2018 sa\u00e7 modelleri\" aria-describedby=\"gallery-2-1643\" decoding=\"async\" \/><\/a>\n\t\t\t<\/dt>\n\t\t\t\t<dd class='wp-caption-text gallery-caption' id='gallery-2-1643'>\n\t\t\t\t2018 sa\u00e7 modelleri\n\t\t\t\t<\/dd><\/dl><dl class='gallery-item'>\n\t\t\t<dt class='gallery-icon portrait'>\n\t\t\t\t<a href='https:\/\/www.9sac.com\/zh\/2018-moda-olabilecek-sac-renkleri-ve-modelleri\/2016-sac-rengi-modasi\/'><img width=\"150\" height=\"150\" src=\"https:\/\/www.9sac.com\/wp-content\/uploads\/2016\/08\/2016-sac-rengi-modasi-150x150.jpg\" class=\"attachment-thumbnail size-thumbnail\" alt=\"2018 sa\u00e7 rengi modas\u0131\" aria-describedby=\"gallery-2-1644\" decoding=\"async\" \/><\/a>\n\t\t\t<\/dt>\n\t\t\t\t<dd class='wp-caption-text gallery-caption' id='gallery-2-1644'>\n\t\t\t\t2018 sa\u00e7 rengi modas\u0131\n\t\t\t\t<\/dd><\/dl><br style=\"clear: both\" \/><dl class='gallery-item'>\n\t\t\t<dt class='gallery-icon landscape'>\n\t\t\t\t<a href='https:\/\/www.9sac.com\/zh\/2018-moda-olabilecek-sac-renkleri-ve-modelleri\/2016-sac-rengi-modelleri\/'><img width=\"150\" height=\"150\" src=\"https:\/\/www.9sac.com\/wp-content\/uploads\/2016\/08\/2016-sac-rengi-modelleri-150x150.jpg\" class=\"attachment-thumbnail size-thumbnail\" alt=\"2018 sa\u00e7 rengi modelleri\" aria-describedby=\"gallery-2-1645\" decoding=\"async\" \/><\/a>\n\t\t\t<\/dt>\n\t\t\t\t<dd class='wp-caption-text gallery-caption' id='gallery-2-1645'>\n\t\t\t\t2018 sa\u00e7 rengi modelleri\n\t\t\t\t<\/dd><\/dl><dl class='gallery-item'>\n\t\t\t<dt class='gallery-icon portrait'>\n\t\t\t\t<a href='https:\/\/www.9sac.com\/zh\/2018-moda-olabilecek-sac-renkleri-ve-modelleri\/2016-sac-rengi-trendleri\/'><img width=\"150\" height=\"150\" src=\"https:\/\/www.9sac.com\/wp-content\/uploads\/2016\/08\/2016-sac-rengi-trendleri-150x150.jpg\" class=\"attachment-thumbnail size-thumbnail\" alt=\"2018 sa\u00e7 rengi trendleri\" aria-describedby=\"gallery-2-1646\" decoding=\"async\" \/><\/a>\n\t\t\t<\/dt>\n\t\t\t\t<dd class='wp-caption-text gallery-caption' id='gallery-2-1646'>\n\t\t\t\t2018 sa\u00e7 rengi trendleri\n\t\t\t\t<\/dd><\/dl><dl class='gallery-item'>\n\t\t\t<dt class='gallery-icon portrait'>\n\t\t\t\t<a href='https:\/\/www.9sac.com\/zh\/2018-moda-olabilecek-sac-renkleri-ve-modelleri\/2016-sac-renkleri-2\/'><img width=\"150\" height=\"150\" src=\"https:\/\/www.9sac.com\/wp-content\/uploads\/2016\/08\/2016-sac-renkleri-150x150.jpg\" class=\"attachment-thumbnail size-thumbnail\" alt=\"2018 sa\u00e7 renkleri\" aria-describedby=\"gallery-2-1647\" decoding=\"async\" \/><\/a>\n\t\t\t<\/dt>\n\t\t\t\t<dd class='wp-caption-text gallery-caption' id='gallery-2-1647'>\n\t\t\t\t2018 sa\u00e7 renkleri\n\t\t\t\t<\/dd><\/dl><br style=\"clear: both\" \/><dl class='gallery-item'>\n\t\t\t<dt class='gallery-icon portrait'>\n\t\t\t\t<a href='https:\/\/www.9sac.com\/zh\/2018-moda-olabilecek-sac-renkleri-ve-modelleri\/2016-savruk-topuz-modeli\/'><img width=\"150\" height=\"150\" src=\"https:\/\/www.9sac.com\/wp-content\/uploads\/2016\/08\/2016-savruk-topuz-modeli-150x150.jpg\" class=\"attachment-thumbnail size-thumbnail\" alt=\"2018 savruk topuz modeli\" aria-describedby=\"gallery-2-1648\" decoding=\"async\" \/><\/a>\n\t\t\t<\/dt>\n\t\t\t\t<dd class='wp-caption-text gallery-caption' id='gallery-2-1648'>\n\t\t\t\t2018 savruk topuz modeli\n\t\t\t\t<\/dd><\/dl><dl class='gallery-item'>\n\t\t\t<dt class='gallery-icon portrait'>\n\t\t\t\t<a href='https:\/\/www.9sac.com\/zh\/2018-moda-olabilecek-sac-renkleri-ve-modelleri\/daginik-topuz-modelleri\/'><img width=\"150\" height=\"150\" src=\"https:\/\/www.9sac.com\/wp-content\/uploads\/2016\/08\/daginik-topuz-modelleri-150x150.jpg\" class=\"attachment-thumbnail size-thumbnail\" alt=\"Da\u011f\u0131n\u0131k topuz modelleri\" aria-describedby=\"gallery-2-1649\" decoding=\"async\" \/><\/a>\n\t\t\t<\/dt>\n\t\t\t\t<dd class='wp-caption-text gallery-caption' id='gallery-2-1649'>\n\t\t\t\tDa\u011f\u0131n\u0131k topuz modelleri\n\t\t\t\t<\/dd><\/dl><dl class='gallery-item'>\n\t\t\t<dt class='gallery-icon portrait'>\n\t\t\t\t<a href='https:\/\/www.9sac.com\/zh\/2018-moda-olabilecek-sac-renkleri-ve-modelleri\/sac-rengi-modelleri\/'><img width=\"150\" height=\"150\" src=\"https:\/\/www.9sac.com\/wp-content\/uploads\/2016\/08\/sac-rengi-modelleri-150x150.jpg\" class=\"attachment-thumbnail size-thumbnail\" alt=\"Sa\u00e7 rengi modelleri 2018\" aria-describedby=\"gallery-2-1650\" decoding=\"async\" \/><\/a>\n\t\t\t<\/dt>\n\t\t\t\t<dd class='wp-caption-text gallery-caption' id='gallery-2-1650'>\n\t\t\t\tSa\u00e7 rengi modelleri 2018\n\t\t\t\t<\/dd><\/dl><br style=\"clear: both\" \/><dl class='gallery-item'>\n\t\t\t<dt class='gallery-icon landscape'>\n\t\t\t\t<a href='https:\/\/www.9sac.com\/zh\/2018-moda-olabilecek-sac-renkleri-ve-modelleri\/sac-renkleri\/'><img width=\"150\" height=\"150\" src=\"https:\/\/www.9sac.com\/wp-content\/uploads\/2016\/08\/sac-renkleri-150x150.jpg\" class=\"attachment-thumbnail size-thumbnail\" alt=\"Sa\u00e7 renkleri\" aria-describedby=\"gallery-2-1651\" decoding=\"async\" \/><\/a>\n\t\t\t<\/dt>\n\t\t\t\t<dd class='wp-caption-text gallery-caption' id='gallery-2-1651'>\n\t\t\t\tSa\u00e7 renkleri\n\t\t\t\t<\/dd><\/dl><dl class='gallery-item'>\n\t\t\t<dt class='gallery-icon portrait'>\n\t\t\t\t<a href='https:\/\/www.9sac.com\/zh\/2018-moda-olabilecek-sac-renkleri-ve-modelleri\/sac-renkleri-2016\/'><img width=\"150\" height=\"150\" src=\"https:\/\/www.9sac.com\/wp-content\/uploads\/2016\/08\/sac-renkleri-2016-150x150.jpg\" class=\"attachment-thumbnail size-thumbnail\" alt=\"Sa\u00e7 renkleri 2018\" aria-describedby=\"gallery-2-1652\" decoding=\"async\" srcset=\"https:\/\/www.9sac.com\/wp-content\/uploads\/2016\/08\/sac-renkleri-2016-150x150.jpg 150w, https:\/\/www.9sac.com\/wp-content\/uploads\/2016\/08\/sac-renkleri-2016-300x300.jpg 300w, https:\/\/www.9sac.com\/wp-content\/uploads\/2016\/08\/sac-renkleri-2016.jpg 419w\" sizes=\"(max-width: 150px) 100vw, 150px\" \/><\/a>\n\t\t\t<\/dt>\n\t\t\t\t<dd class='wp-caption-text gallery-caption' id='gallery-2-1652'>\n\t\t\t\tSa\u00e7 renkleri 2018\n\t\t\t\t<\/dd><\/dl><dl class='gallery-item'>\n\t\t\t<dt class='gallery-icon portrait'>\n\t\t\t\t<a href='https:\/\/www.9sac.com\/zh\/2018-moda-olabilecek-sac-renkleri-ve-modelleri\/topuz-modelleri\/'><img width=\"150\" height=\"150\" src=\"https:\/\/www.9sac.com\/wp-content\/uploads\/2016\/08\/topuz-modelleri-150x150.jpg\" class=\"attachment-thumbnail size-thumbnail\" alt=\"Topuz modelleri\" aria-describedby=\"gallery-2-1653\" decoding=\"async\" \/><\/a>\n\t\t\t<\/dt>\n\t\t\t\t<dd class='wp-caption-text gallery-caption' id='gallery-2-1653'>\n\t\t\t\tTopuz modelleri\n\t\t\t\t<\/dd><\/dl><br style=\"clear: both\" \/><dl class='gallery-item'>\n\t\t\t<dt class='gallery-icon portrait'>\n\t\t\t\t<a href='https:\/\/www.9sac.com\/zh\/2018-moda-olabilecek-sac-renkleri-ve-modelleri\/2016-mavi-sac-modasi\/'><img width=\"150\" height=\"150\" src=\"https:\/\/www.9sac.com\/wp-content\/uploads\/2016\/08\/2016-mavi-sac-modasi-150x150.jpg\" class=\"attachment-thumbnail size-thumbnail\" alt=\"2018 mavi sa\u00e7 modas\u0131\" aria-describedby=\"gallery-2-1640\" decoding=\"async\" \/><\/a>\n\t\t\t<\/dt>\n\t\t\t\t<dd class='wp-caption-text gallery-caption' id='gallery-2-1640'>\n\t\t\t\t2018 mavi sa\u00e7 modas\u0131\n\t\t\t\t<\/dd><\/dl><dl class='gallery-item'>\n\t\t\t<dt class='gallery-icon portrait'>\n\t\t\t\t<a href='https:\/\/www.9sac.com\/zh\/2018-moda-olabilecek-sac-renkleri-ve-modelleri\/2016-gri-sac-modasi\/'><img width=\"150\" height=\"150\" src=\"https:\/\/www.9sac.com\/wp-content\/uploads\/2016\/08\/2016-gri-sac-modasi-150x150.jpg\" class=\"attachment-thumbnail size-thumbnail\" alt=\"2018 gri sa\u00e7 modas\u0131\" aria-describedby=\"gallery-2-1639\" decoding=\"async\" srcset=\"https:\/\/www.9sac.com\/wp-content\/uploads\/2016\/08\/2016-gri-sac-modasi-150x150.jpg 150w, https:\/\/www.9sac.com\/wp-content\/uploads\/2016\/08\/2016-gri-sac-modasi-300x300.jpg 300w, https:\/\/www.9sac.com\/wp-content\/uploads\/2016\/08\/2016-gri-sac-modasi.jpg 419w\" sizes=\"(max-width: 150px) 100vw, 150px\" \/><\/a>\n\t\t\t<\/dt>\n\t\t\t\t<dd class='wp-caption-text gallery-caption' id='gallery-2-1639'>\n\t\t\t\t2018 gri sa\u00e7 modas\u0131\n\t\t\t\t<\/dd><\/dl><dl class='gallery-item'>\n\t\t\t<dt class='gallery-icon portrait'>\n\t\t\t\t<a href='https:\/\/www.9sac.com\/zh\/2018-moda-olabilecek-sac-renkleri-ve-modelleri\/2016-mor-sac-modasi\/'><img width=\"150\" height=\"150\" src=\"https:\/\/www.9sac.com\/wp-content\/uploads\/2016\/08\/2016-mor-sac-modasi-150x150.jpg\" class=\"attachment-thumbnail size-thumbnail\" alt=\"2018 mor sa\u00e7 modas\u0131\" aria-describedby=\"gallery-2-1641\" decoding=\"async\" \/><\/a>\n\t\t\t<\/dt>\n\t\t\t\t<dd class='wp-caption-text gallery-caption' id='gallery-2-1641'>\n\t\t\t\t2018 mor sa\u00e7 modas\u0131\n\t\t\t\t<\/dd><\/dl><br style=\"clear: both\" \/><dl class='gallery-item'>\n\t\t\t<dt class='gallery-icon landscape'>\n\t\t\t\t<a href='https:\/\/www.9sac.com\/zh\/2018-moda-olabilecek-sac-renkleri-ve-modelleri\/2018-moda-olan-sari-sac-renkleri\/'><img width=\"150\" height=\"150\" src=\"https:\/\/www.9sac.com\/wp-content\/uploads\/2017\/12\/2018-moda-olan-sari-sac-renkleri-150x150.jpg\" class=\"attachment-thumbnail size-thumbnail\" alt=\"\" aria-describedby=\"gallery-2-4135\" decoding=\"async\" \/><\/a>\n\t\t\t<\/dt>\n\t\t\t\t<dd class='wp-caption-text gallery-caption' id='gallery-2-4135'>\n\t\t\t\t2018 Moda olan sar\u0131 sa\u00e7 renkleri\n\t\t\t\t<\/dd><\/dl><dl class='gallery-item'>\n\t\t\t<dt class='gallery-icon landscape'>\n\t\t\t\t<a href='https:\/\/www.9sac.com\/zh\/2018-moda-olabilecek-sac-renkleri-ve-modelleri\/2018-trend-sac-renkleri-hakkinda-bilgiler\/'><img width=\"150\" height=\"150\" src=\"https:\/\/www.9sac.com\/wp-content\/uploads\/2017\/12\/2018-trend-sac-renkleri-hakkinda-bilgiler-150x150.jpg\" class=\"attachment-thumbnail size-thumbnail\" alt=\"2018 Trend sa\u00e7 renkleri hakk\u0131nda bilgiler\" aria-describedby=\"gallery-2-4136\" decoding=\"async\" \/><\/a>\n\t\t\t<\/dt>\n\t\t\t\t<dd class='wp-caption-text gallery-caption' id='gallery-2-4136'>\n\t\t\t\t2018 Trend sa\u00e7 renkleri hakk\u0131nda bilgiler\n\t\t\t\t<\/dd><\/dl>\n\t\t\t<br style='clear: both' \/>\n\t\t<\/div>\n\n","protected":false},"author":1,"featured_media":4135,"comment_status":"open","ping_status":"open","sticky":false,"template":"","format":"standard","meta":{"footnotes":""},"categories":[5,6],"tags":[],"views":68858,"_links":{"self":[{"href":"https:\/\/www.9sac.com\/zh\/wp-json\/wp\/v2\/posts\/1638"}],"collection":[{"href":"https:\/\/www.9sac.com\/zh\/wp-json\/wp\/v2\/posts"}],"about":[{"href":"https:\/\/www.9sac.com\/zh\/wp-json\/wp\/v2\/types\/post"}],"author":[{"embeddable":true,"href":"https:\/\/www.9sac.com\/zh\/wp-json\/wp\/v2\/users\/1"}],"replies":[{"embeddable":true,"href":"https:\/\/www.9sac.com\/zh\/wp-json\/wp\/v2\/comments?post=1638"}],"version-history":[{"count":0,"href":"https:\/\/www.9sac.com\/zh\/wp-json\/wp\/v2\/posts\/1638\/revisions"}],"wp:featuredmedia":[{"embeddable":true,"href":"https:\/\/www.9sac.com\/zh\/wp-json\/wp\/v2\/media\/4135"}],"wp:attachment":[{"href":"https:\/\/www.9sac.com\/zh\/wp-json\/wp\/v2\/media?parent=1638"}],"wp:term":[{"taxonomy":"category","embeddable":true,"href":"https:\/\/www.9sac.com\/zh\/wp-json\/wp\/v2\/categories?post=1638"},{"taxonomy":"post_tag","embeddable":true,"href":"https:\/\/www.9sac.com\/zh\/wp-json\/wp\/v2\/tags?post=1638"}],"curies":[{"name":"wp","href":"https:\/\/api.w.org\/{rel}","templated":true}]}}