{"id":288,"date":"2023-08-16T11:59:07","date_gmt":"2023-08-16T08:59:07","guid":{"rendered":"http:\/\/www.9sac.com\/?p=288"},"modified":"2023-08-16T11:59:16","modified_gmt":"2023-08-16T08:59:16","slug":"karamel-kahve-sac-rengi-evde-tutturma-tuyolari","status":"publish","type":"post","link":"https:\/\/www.9sac.com\/zh\/karamel-kahve-sac-rengi-evde-tutturma-tuyolari\/","title":{"rendered":"Karamel Kahve Sa\u00e7 Rengi Evde Tutturma T\u00fcyolar\u0131"},"content":{"rendered":"<h2>Karamel Kahve Sa\u00e7 Rengi Evde Tutturma T\u00fcyolar\u0131<\/h2>\n<p><strong>Karamel Kahve Sa\u00e7 Rengi Evde Tutturma T\u00fcyolar\u0131<\/strong> | Karamel <a href=\"https:\/\/www.9sac.com\/kahverengi-sac-rengi-tonlari-2023\/\">kahve sa\u00e7 rengi<\/a>ni evde tutturmak isterseniz size bir tak\u0131m t\u00fcyolar\u0131m\u0131z olacak bu p\u00fcf noktalar\u0131 ile evde kendinizde sa\u00e7lar\u0131n\u0131z\u0131 boyatabilirsiniz.<\/p>\n<p>Bu <b>2026<\/b>\u00a0yaz\u0131 yakla\u015f\u0131rken sizde kendinize tarz bir sa\u00e7 rengi, <strong>karamel sa\u00e7 rengi<\/strong> tonlar\u0131n\u0131n birazc\u0131k daha koyusu olan <strong>karamel kahve sa\u00e7 rengi<\/strong>ni denemek ister misiniz? <strong>Karamel sa\u00e7 renkleri<\/strong> tonlar\u0131 \u00e7ok fazla turuncu renk ihtiva eder <strong>karamel kahve<\/strong> ise daha farkl\u0131 olarak <strong>canl\u0131<\/strong> ve <strong>natural<\/strong> bir ton renktir.<\/p>\n<div id=\"attachment_5614\" style=\"width: 1034px\" class=\"wp-caption aligncenter\"><a href=\"https:\/\/www.9sac.com\/wp-content\/uploads\/2023\/06\/modern-bronde-sac-modelleri.webp\"><img decoding=\"async\" aria-describedby=\"caption-attachment-5614\" class=\"size-large wp-image-5614\" src=\"https:\/\/www.9sac.com\/wp-content\/uploads\/2023\/06\/modern-bronde-sac-modelleri-1024x576.webp\" alt=\"Karamel Kahve Sa\u00e7 Rengi \" width=\"1024\" height=\"576\" srcset=\"https:\/\/www.9sac.com\/wp-content\/uploads\/2023\/06\/modern-bronde-sac-modelleri-1024x576.webp 1024w, https:\/\/www.9sac.com\/wp-content\/uploads\/2023\/06\/modern-bronde-sac-modelleri-300x169.webp 300w, https:\/\/www.9sac.com\/wp-content\/uploads\/2023\/06\/modern-bronde-sac-modelleri.webp 1200w\" sizes=\"(max-width: 1024px) 100vw, 1024px\" \/><\/a><p id=\"caption-attachment-5614\" class=\"wp-caption-text\">Karamel Kahve Sa\u00e7 Rengi<\/p><\/div>\n<p><strong>Karamel kahve sa\u00e7 rengi<\/strong>ni evde kendiniz yapmak isterseniz baz\u0131 bu renk sa\u00e7 rengi i\u00e7in baz\u0131 kriterler var \u00f6rne\u011fin ana sa\u00e7 rengi siyah olan kad\u0131nlar bu sa\u00e7 rengini evde kendi kendilerine boyama yapmamal\u0131d\u0131rlar.<\/p>\n<p>\u0130kinci bir kriterimiz ise Kahverengi sa\u00e7l\u0131 han\u0131mlar bu<strong> sa\u00e7 rengi<\/strong>ni evde boyamak isterlerse re\u00e7etemiz; en a\u00e7\u0131k alt\u0131n sar\u0131s\u0131 sa\u00e7 rengi ile bir veya iki boyama yapmada tutturabilirler. E\u011fer sa\u00e7lar\u0131n\u0131z a\u00e7\u0131k tonda ise i\u015finiz \u00e7ok basit koyu karamel san boyas\u0131yla sa\u00e7lar\u0131m\u0131z\u0131 boyad\u0131\u011f\u0131m\u0131z da bu sa\u00e7 rengini tutturabiliriz.<\/p>\n<div id=\"attachment_5557\" style=\"width: 1034px\" class=\"wp-caption aligncenter\"><a href=\"https:\/\/www.9sac.com\/wp-content\/uploads\/2023\/08\/Jennifer-Lopez-Efsane-Sac-Modelleri4.webp\"><img decoding=\"async\" aria-describedby=\"caption-attachment-5557\" class=\"size-large wp-image-5557\" src=\"https:\/\/www.9sac.com\/wp-content\/uploads\/2023\/08\/Jennifer-Lopez-Efsane-Sac-Modelleri4-1024x576.webp\" alt=\"Karamel Kahve Sa\u00e7 Rengi \" width=\"1024\" height=\"576\" srcset=\"https:\/\/www.9sac.com\/wp-content\/uploads\/2023\/08\/Jennifer-Lopez-Efsane-Sac-Modelleri4-1024x576.webp 1024w, https:\/\/www.9sac.com\/wp-content\/uploads\/2023\/08\/Jennifer-Lopez-Efsane-Sac-Modelleri4-300x169.webp 300w, https:\/\/www.9sac.com\/wp-content\/uploads\/2023\/08\/Jennifer-Lopez-Efsane-Sac-Modelleri4.webp 1200w\" sizes=\"(max-width: 1024px) 100vw, 1024px\" \/><\/a><p id=\"caption-attachment-5557\" class=\"wp-caption-text\">Karamel Kahve Sa\u00e7 Rengi<\/p><\/div>\n<p><strong>Karamel kahve sa\u00e7 rengi<\/strong> ile alakal\u0131 t\u00fcm s\u0131k\u00e7a sorulan sorular\u0131 cevaplar\u0131 ile birlikte galerim izdeki resimlerin konular\u0131nda bulabilirsiniz. E\u011fer sorular\u0131n\u0131z\u0131n cevaplar\u0131n\u0131 makalemizde bulamaz san\u0131z ana konu alt\u0131nda yorum k\u0131sm\u0131nda sorunuzu yazabilirsiniz.<\/p>\n<div id=\"attachment_5273\" style=\"width: 1034px\" class=\"wp-caption aligncenter\"><a href=\"https:\/\/www.9sac.com\/wp-content\/uploads\/2023\/06\/Altin-Kahve-Sac-Renkleri1.jpg\"><img decoding=\"async\" aria-describedby=\"caption-attachment-5273\" class=\"size-large wp-image-5273\" src=\"https:\/\/www.9sac.com\/wp-content\/uploads\/2023\/06\/Altin-Kahve-Sac-Renkleri1-1024x576.jpg\" alt=\"Karamel Kahve Sa\u00e7 Rengi \" width=\"1024\" height=\"576\" srcset=\"https:\/\/www.9sac.com\/wp-content\/uploads\/2023\/06\/Altin-Kahve-Sac-Renkleri1-1024x576.jpg 1024w, https:\/\/www.9sac.com\/wp-content\/uploads\/2023\/06\/Altin-Kahve-Sac-Renkleri1-300x169.jpg 300w, https:\/\/www.9sac.com\/wp-content\/uploads\/2023\/06\/Altin-Kahve-Sac-Renkleri1.jpg 1200w\" sizes=\"(max-width: 1024px) 100vw, 1024px\" \/><\/a><p id=\"caption-attachment-5273\" class=\"wp-caption-text\">Karamel Kahve Sa\u00e7 Rengi<\/p><\/div>\n<p><strong><span style=\"color: #ff0000;\">Sa\u00e7lar\u0131n\u0131za Karamel Kahverengi Sa\u00e7 Rengine Boyamak \u0130ster misiniz?<\/span><br \/>\n<\/strong>\u00d6ncelikle, bu haval\u0131 sa\u00e7 rengini sa\u00e7lar\u0131nda g\u00f6rmek isteyen han\u0131mlar\u0131n siyah-k\u0131z\u0131l, platin sar\u0131s\u0131 ve fazla koyu sa\u00e7 rengi tonlar\u0131ndan \u00e7evrilmesinin zor bir se\u00e7enek oldu\u011funu belirtmek isteriz. <strong>Sa\u00e7 renginin tutmas\u0131 i\u00e7in<\/strong> zaman i\u00e7erisinde kendi kendine a\u00e7\u0131lmas\u0131 beklenmelidir.<\/p>\n<div id=\"attachment_5120\" style=\"width: 1034px\" class=\"wp-caption aligncenter\"><a href=\"https:\/\/www.9sac.com\/wp-content\/uploads\/2023\/06\/En-Guzel-Kut-Sac-Modelleri1.jpg\"><img decoding=\"async\" aria-describedby=\"caption-attachment-5120\" class=\"size-large wp-image-5120\" src=\"https:\/\/www.9sac.com\/wp-content\/uploads\/2023\/06\/En-Guzel-Kut-Sac-Modelleri1-1024x576.jpg\" alt=\"Karamel Kahve Sa\u00e7 Rengi \" width=\"1024\" height=\"576\" srcset=\"https:\/\/www.9sac.com\/wp-content\/uploads\/2023\/06\/En-Guzel-Kut-Sac-Modelleri1-1024x576.jpg 1024w, https:\/\/www.9sac.com\/wp-content\/uploads\/2023\/06\/En-Guzel-Kut-Sac-Modelleri1-300x169.jpg 300w, https:\/\/www.9sac.com\/wp-content\/uploads\/2023\/06\/En-Guzel-Kut-Sac-Modelleri1.jpg 1200w\" sizes=\"(max-width: 1024px) 100vw, 1024px\" \/><\/a><p id=\"caption-attachment-5120\" class=\"wp-caption-text\">Karamel Kahve Sa\u00e7 Rengi<\/p><\/div>\n<p>Fakat a\u00e7\u0131k<strong> kahve, kumral sa\u00e7 renkleri<\/strong> gibi sa\u00e7lar\u0131n\u0131z var ise evinizde uygulayabilece\u011finiz bir sa\u00e7 rengi se\u00e7ene\u011fidir. Bir tak\u0131m sa\u00e7 boyalar\u0131n\u0131 birilerine kar\u0131\u015ft\u0131r\u0131lmas\u0131 bu sa\u00e7 renginin elde edilmesine olanak verir. Bu sa\u00e7 rengini elde etmede uzman bir kuaf\u00f6rde se\u00e7enekler aras\u0131nda en rahat ve kolay yoldur.<\/p>\n<div id=\"attachment_5111\" style=\"width: 1034px\" class=\"wp-caption aligncenter\"><a href=\"https:\/\/www.9sac.com\/wp-content\/uploads\/2023\/06\/Findik-Kabugu-Sac-Rengi.jpg\"><img decoding=\"async\" aria-describedby=\"caption-attachment-5111\" class=\"size-large wp-image-5111\" src=\"https:\/\/www.9sac.com\/wp-content\/uploads\/2023\/06\/Findik-Kabugu-Sac-Rengi-1024x576.jpg\" alt=\"Karamel Kahve Sa\u00e7 Rengi \" width=\"1024\" height=\"576\" srcset=\"https:\/\/www.9sac.com\/wp-content\/uploads\/2023\/06\/Findik-Kabugu-Sac-Rengi-1024x576.jpg 1024w, https:\/\/www.9sac.com\/wp-content\/uploads\/2023\/06\/Findik-Kabugu-Sac-Rengi-300x169.jpg 300w, https:\/\/www.9sac.com\/wp-content\/uploads\/2023\/06\/Findik-Kabugu-Sac-Rengi.jpg 1200w\" sizes=\"(max-width: 1024px) 100vw, 1024px\" \/><\/a><p id=\"caption-attachment-5111\" class=\"wp-caption-text\">Karamel Kahve Sa\u00e7 Rengi<\/p><\/div>\n<p>&nbsp;<\/p>\n","protected":false},"excerpt":{"rendered":"<p>Karamel Kahve Sa\u00e7 Rengi Evde Tutturma T\u00fcyolar\u0131<br \/>\nKaramel Kahve Sa\u00e7 Rengi Evde Tutturma T\u00fcyolar\u0131 | Karamel kahve sa\u00e7 rengini evde tutturmak isterseniz size bir tak\u0131m t\u00fcyolar\u0131m\u0131z olacak bu p\u00fcf noktalar\u0131 ile evde kendinizde sa\u00e7lar\u0131n\u0131z\u0131 boyatabilirsiniz.<\/p>\n<p>Bu 2026\u00a0yaz\u0131 yakla\u015f\u0131rken sizde kendinize tarz bir sa\u00e7 rengi, karamel sa\u00e7 rengi tonlar\u0131n\u0131n birazc\u0131k daha koyusu olan karamel kahve sa\u00e7 rengini denemek ister misiniz? Karamel sa\u00e7 renkleri tonlar\u0131 \u00e7ok fazla turuncu renk ihtiva eder karamel kahve ise daha farkl\u0131 olarak canl\u0131 ve natural bir ton renktir.<\/p>\n Karamel Kahve Sa\u00e7 Rengi\n<p>Karamel kahve sa\u00e7 rengini evde kendiniz yapmak isterseniz baz\u0131 bu renk sa\u00e7 rengi i\u00e7in baz\u0131 kriterler var \u00f6rne\u011fin ana sa\u00e7 rengi siyah olan kad\u0131nlar bu sa\u00e7 rengini evde kendi kendilerine boyama yapmamal\u0131d\u0131rlar.<\/p>\n<p>\u0130kinci bir kriterimiz ise Kahverengi sa\u00e7l\u0131 han\u0131mlar bu sa\u00e7 rengini evde boyamak isterlerse re\u00e7etemiz; en a\u00e7\u0131k alt\u0131n sar\u0131s\u0131 sa\u00e7 rengi ile bir veya iki boyama yapmada tutturabilirler. E\u011fer sa\u00e7lar\u0131n\u0131z a\u00e7\u0131k tonda ise i\u015finiz \u00e7ok basit koyu karamel san boyas\u0131yla sa\u00e7lar\u0131m\u0131z\u0131 boyad\u0131\u011f\u0131m\u0131z da bu sa\u00e7 rengini tutturabiliriz.<\/p>\n Karamel Kahve Sa\u00e7 Rengi\n<p>Karamel kahve sa\u00e7 rengi ile alakal\u0131 t\u00fcm s\u0131k\u00e7a sorulan sorular\u0131 cevaplar\u0131 ile birlikte galerim izdeki resimlerin konular\u0131nda bulabilirsiniz. E\u011fer sorular\u0131n\u0131z\u0131n cevaplar\u0131n\u0131 makalemizde bulamaz san\u0131z ana konu alt\u0131nda yorum k\u0131sm\u0131nda sorunuzu yazabilirsiniz.<\/p>\n Karamel Kahve Sa\u00e7 Rengi\n<p>Sa\u00e7lar\u0131n\u0131za Karamel Kahverengi Sa\u00e7 Rengine Boyamak \u0130ster misiniz?<br \/>\n\u00d6ncelikle, bu haval\u0131 sa\u00e7 rengini sa\u00e7lar\u0131nda g\u00f6rmek isteyen han\u0131mlar\u0131n siyah-k\u0131z\u0131l, platin sar\u0131s\u0131 ve fazla koyu sa\u00e7 rengi tonlar\u0131ndan \u00e7evrilmesinin zor bir se\u00e7enek oldu\u011funu belirtmek isteriz. Sa\u00e7 renginin tutmas\u0131 i\u00e7in zaman i\u00e7erisinde kendi kendine a\u00e7\u0131lmas\u0131 beklenmelidir.<\/p>\n Karamel Kahve Sa\u00e7 Rengi\n<p>Fakat a\u00e7\u0131k kahve, kumral sa\u00e7 renkleri gibi sa\u00e7lar\u0131n\u0131z var ise evinizde uygulayabilece\u011finiz bir sa\u00e7 rengi se\u00e7ene\u011fidir. Bir tak\u0131m sa\u00e7 boyalar\u0131n\u0131 birilerine kar\u0131\u015ft\u0131r\u0131lmas\u0131 bu sa\u00e7 renginin elde edilmesine olanak verir. Bu sa\u00e7 rengini elde etmede uzman bir kuaf\u00f6rde se\u00e7enekler aras\u0131nda en rahat ve kolay yoldur.<\/p>\n Karamel Kahve Sa\u00e7 Rengi\n<p>&nbsp;<\/p>\n","protected":false},"author":1,"featured_media":5620,"comment_status":"open","ping_status":"open","sticky":false,"template":"","format":"standard","meta":{"footnotes":""},"categories":[65,6],"tags":[75,71],"views":288230,"_links":{"self":[{"href":"https:\/\/www.9sac.com\/zh\/wp-json\/wp\/v2\/posts\/288"}],"collection":[{"href":"https:\/\/www.9sac.com\/zh\/wp-json\/wp\/v2\/posts"}],"about":[{"href":"https:\/\/www.9sac.com\/zh\/wp-json\/wp\/v2\/types\/post"}],"author":[{"embeddable":true,"href":"https:\/\/www.9sac.com\/zh\/wp-json\/wp\/v2\/users\/1"}],"replies":[{"embeddable":true,"href":"https:\/\/www.9sac.com\/zh\/wp-json\/wp\/v2\/comments?post=288"}],"version-history":[{"count":3,"href":"https:\/\/www.9sac.com\/zh\/wp-json\/wp\/v2\/posts\/288\/revisions"}],"predecessor-version":[{"id":5621,"href":"https:\/\/www.9sac.com\/zh\/wp-json\/wp\/v2\/posts\/288\/revisions\/5621"}],"wp:featuredmedia":[{"embeddable":true,"href":"https:\/\/www.9sac.com\/zh\/wp-json\/wp\/v2\/media\/5620"}],"wp:attachment":[{"href":"https:\/\/www.9sac.com\/zh\/wp-json\/wp\/v2\/media?parent=288"}],"wp:term":[{"taxonomy":"category","embeddable":true,"href":"https:\/\/www.9sac.com\/zh\/wp-json\/wp\/v2\/categories?post=288"},{"taxonomy":"post_tag","embeddable":true,"href":"https:\/\/www.9sac.com\/zh\/wp-json\/wp\/v2\/tags?post=288"}],"curies":[{"name":"wp","href":"https:\/\/api.w.org\/{rel}","templated":true}]}}