{"id":3372,"date":"2023-06-15T20:55:56","date_gmt":"2023-06-15T17:55:56","guid":{"rendered":"http:\/\/www.9sac.com\/?p=3372"},"modified":"2017-08-01T23:22:49","modified_gmt":"2017-08-01T20:22:49","slug":"ipek-karapinar-sac-rengi-ve-modelleri","status":"publish","type":"post","link":"https:\/\/www.9sac.com\/zh\/ipek-karapinar-sac-rengi-ve-modelleri\/","title":{"rendered":"\u0130pek Karap\u0131nar Sa\u00e7 Rengi ve Modelleri"},"content":{"rendered":"<p>Son d\u00f6nemde severek izlenen dizilerden biri olan K\u0131rg\u0131n \u00c7i\u00e7ekler dizisinin sempatik karakteri \u0130pek Karap\u0131nar imaj\u0131 ve \u00f6zellikle de sa\u00e7lar\u0131 ile gen\u00e7 bayanlar\u0131n ilgi oda\u011f\u0131 oluyor. Parlak\u201a uzun ve al\u0131ml\u0131 sa\u00e7lar\u0131 sayesinde g\u00fczel bir g\u00f6r\u00fcnt\u00fc veren oyuncu sa\u00e7 modelinde ve renginde yapt\u0131\u011f\u0131 se\u00e7imleri ile merak konusu oluyor. Bu yaz\u0131m\u0131zda \u0130pek Karap\u0131nar'\u0131n tercih etmi\u015f oldu\u011fu sa\u00e7 renkleri ve modelleri \u00fczerine konu\u015faca\u011f\u0131z.<\/p>\n<p>\u0130pek Karap\u0131nar kahverengi tonlar\u0131nda sa\u00e7 rengine sahip. Kendi rengi de bu koyu tonlarda olmas\u0131na kar\u015f\u0131n kahverenginin farkl\u0131 tonlar\u0131n\u0131 da deneyerek farkl\u0131l\u0131k olu\u015fturuyor. Hem u\u00e7 bir renk se\u00e7imi yapmadan\u201a hem de s\u0131radan\u0131n d\u0131\u015f\u0131nda bir renk tercih ederek g\u00f6r\u00fcn\u00fcm\u00fcne g\u00fczellik kat\u0131yor. Kahverengi tonlar\u0131 aras\u0131nda yapt\u0131\u011f\u0131 se\u00e7imler sayesinde parlak ve al\u0131ml\u0131 sa\u00e7lar elde ediyor. \u00d6zellikle kahverengi tonlar\u0131 aras\u0131ndan s\u0131cak ve koyu tonlar\u0131 tercih ederek y\u00fcz\u00fcn\u00fcn g\u00fczelli\u011fini ve \u0131\u015f\u0131\u011f\u0131n\u0131 da daha iyi \u015fekilde \u00f6n plana \u00e7\u0131karm\u0131\u015f oluyor.<\/p>\n<p>\u0130pek Karap\u0131nar bildi\u011finiz gibi en son dizisi K\u0131rg\u0131n \u00c7i\u00e7ekler'de Feride rol\u00fcn\u00fc \u00fcstleniyor. Canland\u0131rd\u0131\u011f\u0131 karakterin orjinalli\u011fine kendi oyunculuk ba\u015far\u0131s\u0131n\u0131 da ekleyerek olduk\u00e7a iyi bir i\u015f \u00e7\u0131kar\u0131yor. G\u00fczelli\u011fi ile de bu iki unsuru tamamlam\u0131\u015f oluyor. Bir\u00e7ok bayan internette \u0130pek Karap\u0131nar'\u0131n son dizisinde kullanm\u0131\u015f oldu\u011fu sa\u00e7 rengini ara\u015ft\u0131r\u0131yor. \u00d6zellikle g\u00fcnl\u00fck hayatta rahat kullan\u0131labilecek bir ton olmas\u0131 ve klasi\u011fin d\u0131\u015f\u0131nda renkler olmas\u0131 bu merak\u0131n sebebi oluyor.<\/p>\n\n\t\t<style>\n\t\t\t#gallery-1 {\n\t\t\t\tmargin: auto;\n\t\t\t}\n\t\t\t#gallery-1 .gallery-item {\n\t\t\t\tfloat: left;\n\t\t\t\tmargin-top: 10px;\n\t\t\t\ttext-align: center;\n\t\t\t\twidth: 33%;\n\t\t\t}\n\t\t\t#gallery-1 img {\n\t\t\t\tborder: 2px solid #cfcfcf;\n\t\t\t}\n\t\t\t#gallery-1 .gallery-caption {\n\t\t\t\tmargin-left: 0;\n\t\t\t}\n\t\t\t\/* see gallery_shortcode() in wp-includes\/media.php *\/\n\t\t<\/style>\n\t\t<div id='gallery-1' class='gallery galleryid-3372 gallery-columns-3 gallery-size-thumbnail'><dl class='gallery-item'>\n\t\t\t<dt class='gallery-icon landscape'>\n\t\t\t\t<a href='https:\/\/www.9sac.com\/zh\/ipek-karapinar-sac-rengi-ve-modelleri\/ipek-karapinar-at-kuyrugu-sac-modeli\/'><img decoding=\"async\" width=\"150\" height=\"150\" src=\"https:\/\/www.9sac.com\/wp-content\/uploads\/2017\/08\/ipek-karapinar-at-kuyrugu-sac-modeli-150x150.jpg\" class=\"attachment-thumbnail size-thumbnail\" alt=\"\u0130pek Karap\u0131nar At Kuyru\u011fu Sa\u00e7 Modeli\" aria-describedby=\"gallery-1-3375\" \/><\/a>\n\t\t\t<\/dt>\n\t\t\t\t<dd class='wp-caption-text gallery-caption' id='gallery-1-3375'>\n\t\t\t\t\u0130pek Karap\u0131nar At Kuyru\u011fu Sa\u00e7 Modeli\n\t\t\t\t<\/dd><\/dl><dl class='gallery-item'>\n\t\t\t<dt class='gallery-icon landscape'>\n\t\t\t\t<a href='https:\/\/www.9sac.com\/zh\/ipek-karapinar-sac-rengi-ve-modelleri\/ipek-karapinar-kahkullu-sac-modelleri\/'><img decoding=\"async\" width=\"150\" height=\"150\" src=\"https:\/\/www.9sac.com\/wp-content\/uploads\/2017\/08\/ipek-karapinar-kahkullu-sac-modelleri-150x150.jpg\" class=\"attachment-thumbnail size-thumbnail\" alt=\"\u0130pek Karap\u0131nar Kahk\u00fcll\u00fc Sa\u00e7 Modelleri\" aria-describedby=\"gallery-1-3376\" \/><\/a>\n\t\t\t<\/dt>\n\t\t\t\t<dd class='wp-caption-text gallery-caption' id='gallery-1-3376'>\n\t\t\t\t\u0130pek Karap\u0131nar Kahk\u00fcll\u00fc Sa\u00e7 Modelleri\n\t\t\t\t<\/dd><\/dl><dl class='gallery-item'>\n\t\t\t<dt class='gallery-icon landscape'>\n\t\t\t\t<a href='https:\/\/www.9sac.com\/zh\/ipek-karapinar-sac-rengi-ve-modelleri\/ipek-karapinar-kahkullu-uzun-sac-modelleri\/'><img decoding=\"async\" width=\"150\" height=\"150\" src=\"https:\/\/www.9sac.com\/wp-content\/uploads\/2017\/08\/ipek-karapinar-kahkullu-uzun-sac-modelleri-150x150.jpg\" class=\"attachment-thumbnail size-thumbnail\" alt=\"\u0130pek Karap\u0131nar Kahk\u00fcll\u00fc Uzun Sa\u00e7 Modelleri\" aria-describedby=\"gallery-1-3377\" \/><\/a>\n\t\t\t<\/dt>\n\t\t\t\t<dd class='wp-caption-text gallery-caption' id='gallery-1-3377'>\n\t\t\t\t\u0130pek Karap\u0131nar Kahk\u00fcll\u00fc Uzun Sa\u00e7 Modelleri\n\t\t\t\t<\/dd><\/dl><br style=\"clear: both\" \/><dl class='gallery-item'>\n\t\t\t<dt class='gallery-icon landscape'>\n\t\t\t\t<a href='https:\/\/www.9sac.com\/zh\/ipek-karapinar-sac-rengi-ve-modelleri\/ipek-karapinar-kirgin-cicekler-sac-rengi-modeli\/'><img decoding=\"async\" width=\"150\" height=\"150\" src=\"https:\/\/www.9sac.com\/wp-content\/uploads\/2017\/08\/ipek-karapinar-kirgin-cicekler-sac-rengi-modeli-150x150.jpg\" class=\"attachment-thumbnail size-thumbnail\" alt=\"\u0130pek Karap\u0131nar K\u0131rg\u0131n \u00c7i\u00e7ekler Sa\u00e7 Modeli\" aria-describedby=\"gallery-1-3378\" \/><\/a>\n\t\t\t<\/dt>\n\t\t\t\t<dd class='wp-caption-text gallery-caption' id='gallery-1-3378'>\n\t\t\t\t\u0130pek Karap\u0131nar K\u0131rg\u0131n \u00c7i\u00e7ekler Sa\u00e7 Modeli\n\t\t\t\t<\/dd><\/dl><dl class='gallery-item'>\n\t\t\t<dt class='gallery-icon landscape'>\n\t\t\t\t<a href='https:\/\/www.9sac.com\/zh\/ipek-karapinar-sac-rengi-ve-modelleri\/ipek-karapinar-saclar\/'><img decoding=\"async\" width=\"150\" height=\"150\" src=\"https:\/\/www.9sac.com\/wp-content\/uploads\/2017\/08\/ipek-karapinar-saclar-150x150.jpg\" class=\"attachment-thumbnail size-thumbnail\" alt=\"\u0130pek Karap\u0131nar Sa\u00e7lar\" aria-describedby=\"gallery-1-3379\" \/><\/a>\n\t\t\t<\/dt>\n\t\t\t\t<dd class='wp-caption-text gallery-caption' id='gallery-1-3379'>\n\t\t\t\t\u0130pek Karap\u0131nar Sa\u00e7lar\n\t\t\t\t<\/dd><\/dl><dl class='gallery-item'>\n\t\t\t<dt class='gallery-icon portrait'>\n\t\t\t\t<a href='https:\/\/www.9sac.com\/zh\/ipek-karapinar-sac-rengi-ve-modelleri\/ipek-karapinar-sac-modelleri\/'><img decoding=\"async\" width=\"150\" height=\"150\" src=\"https:\/\/www.9sac.com\/wp-content\/uploads\/2017\/08\/ipek-karapinar-sac-modelleri-150x150.jpg\" class=\"attachment-thumbnail size-thumbnail\" alt=\"\u0130pek Karap\u0131nar Sa\u00e7 Modelleri\" aria-describedby=\"gallery-1-3380\" \/><\/a>\n\t\t\t<\/dt>\n\t\t\t\t<dd class='wp-caption-text gallery-caption' id='gallery-1-3380'>\n\t\t\t\t\u0130pek Karap\u0131nar Sa\u00e7 Modelleri\n\t\t\t\t<\/dd><\/dl><br style=\"clear: both\" \/><dl class='gallery-item'>\n\t\t\t<dt class='gallery-icon landscape'>\n\t\t\t\t<a href='https:\/\/www.9sac.com\/zh\/ipek-karapinar-sac-rengi-ve-modelleri\/ipek-karapinar-sac-modelleri-kirgin-cicekler\/'><img decoding=\"async\" width=\"150\" height=\"150\" src=\"https:\/\/www.9sac.com\/wp-content\/uploads\/2017\/08\/ipek-karapinar-sac-modelleri-kirgin-cicekler-150x150.jpg\" class=\"attachment-thumbnail size-thumbnail\" alt=\"\u0130pek Karap\u0131nar Sa\u00e7 Modelleri K\u0131rg\u0131n \u00c7i\u00e7ekler\" aria-describedby=\"gallery-1-3381\" \/><\/a>\n\t\t\t<\/dt>\n\t\t\t\t<dd class='wp-caption-text gallery-caption' id='gallery-1-3381'>\n\t\t\t\t\u0130pek Karap\u0131nar Sa\u00e7 Modelleri K\u0131rg\u0131n \u00c7i\u00e7ekler\n\t\t\t\t<\/dd><\/dl><dl class='gallery-item'>\n\t\t\t<dt class='gallery-icon landscape'>\n\t\t\t\t<a href='https:\/\/www.9sac.com\/zh\/ipek-karapinar-sac-rengi-ve-modelleri\/ipek-karapinar-sac-rengi-modelleri\/'><img decoding=\"async\" width=\"150\" height=\"150\" src=\"https:\/\/www.9sac.com\/wp-content\/uploads\/2017\/08\/ipek-karapinar-sac-rengi-modelleri-150x150.jpg\" class=\"attachment-thumbnail size-thumbnail\" alt=\"\u0130pek Karap\u0131nar Sa\u00e7 Rengi Modelleri\" aria-describedby=\"gallery-1-3382\" \/><\/a>\n\t\t\t<\/dt>\n\t\t\t\t<dd class='wp-caption-text gallery-caption' id='gallery-1-3382'>\n\t\t\t\t\u0130pek Karap\u0131nar Sa\u00e7 Rengi Modelleri\n\t\t\t\t<\/dd><\/dl><dl class='gallery-item'>\n\t\t\t<dt class='gallery-icon portrait'>\n\t\t\t\t<a href='https:\/\/www.9sac.com\/zh\/ipek-karapinar-sac-rengi-ve-modelleri\/ipek-karapinar-talih-kusundaki-sac-rengi-modeli\/'><img decoding=\"async\" width=\"150\" height=\"150\" src=\"https:\/\/www.9sac.com\/wp-content\/uploads\/2017\/08\/ipek-karapinar-talih-kusundaki-sac-rengi-modeli-150x150.jpg\" class=\"attachment-thumbnail size-thumbnail\" alt=\"\u0130pek Karap\u0131nar Talih Ku\u015fundaki Sa\u00e7 Rengi Modeli\" aria-describedby=\"gallery-1-3383\" \/><\/a>\n\t\t\t<\/dt>\n\t\t\t\t<dd class='wp-caption-text gallery-caption' id='gallery-1-3383'>\n\t\t\t\t\u0130pek Karap\u0131nar Talih Ku\u015fundaki Sa\u00e7 Rengi Modeli\n\t\t\t\t<\/dd><\/dl><br style=\"clear: both\" \/><dl class='gallery-item'>\n\t\t\t<dt class='gallery-icon landscape'>\n\t\t\t\t<a href='https:\/\/www.9sac.com\/zh\/ipek-karapinar-sac-rengi-ve-modelleri\/ipek-karapinar-tum-sac-rengi-modelleri\/'><img decoding=\"async\" width=\"150\" height=\"150\" src=\"https:\/\/www.9sac.com\/wp-content\/uploads\/2017\/08\/ipek-karapinar-tum-sac-rengi-modelleri-150x150.jpg\" class=\"attachment-thumbnail size-thumbnail\" alt=\"\u0130pek Karap\u0131nar T\u00fcm Sa\u00e7 Rengi Modelleri\" aria-describedby=\"gallery-1-3384\" \/><\/a>\n\t\t\t<\/dt>\n\t\t\t\t<dd class='wp-caption-text gallery-caption' id='gallery-1-3384'>\n\t\t\t\t\u0130pek Karap\u0131nar T\u00fcm Sa\u00e7 Rengi Modelleri\n\t\t\t\t<\/dd><\/dl>\n\t\t\t<br style='clear: both' \/>\n\t\t<\/div>\n\n<p>\u00d6ncelikli olarak s\u00f6ylememiz gereken \u015fey ayn\u0131 rengi tutturabilmek i\u00e7in profesyonel bir kuaf\u00f6r ile birlikte \u00e7al\u0131\u015fman\u0131z gerekti\u011fi. Sonu\u00e7ta her sa\u00e7 tipi ve rengi farkl\u0131 olaca\u011f\u0131ndan ayn\u0131 boyay\u0131 kullansan\u0131z dahi ayn\u0131 rengi elde edememe olas\u0131l\u0131\u011f\u0131n\u0131z da hayli y\u00fcksek. Bu y\u00fczden \u00f6ncelikle g\u00fcvendi\u011finiz bir kuaf\u00f6r ile g\u00f6r\u00fc\u015fmelisiniz. \u0130pek Karap\u0131nar'\u0131n sa\u00e7 boyas\u0131 Loeral Paris Excellence serisinin 6.03 numaral\u0131 rengi. Rengin ismi ise yo\u011fun koyu kumral sa\u00e7 olarak ge\u00e7iyor. Kuaf\u00f6r\u00fcn\u00fczden bu rengi sizin sa\u00e7lar\u0131n\u0131za uygulamas\u0131n\u0131 isteyerek \u0130pek Karap\u0131nar'\u0131n rengini elde etmeniz m\u00fcmk\u00fcn.<\/p>\n<p>\u0130pek Karap\u0131nar sadece sa\u00e7 rengi ile de\u011fil modeli ile de bayanlar\u0131n ilgisini \u00e7ekiyor. E\u011fer oyuncunun renginde sa\u00e7lar\u0131n\u0131z\u0131 boyatmay\u0131 d\u00fc\u015f\u00fcn\u00fcyorsan\u0131z modelini de benzer \u015fekilde tercih ederseniz daha iyi bir sonu\u00e7 elde edebilirsiniz. Bildi\u011finiz gibi oyuncu daha \u00e7ok uzun sa\u00e7lar\u0131 tercih ediyor. Uzun sa\u00e7lar\u0131n\u0131 ise \u00e7o\u011funlukla d\u00fcz ya da hafif su dalgas\u0131 olacak \u015fekilde tercih ediyor. Sa\u00e7lar\u0131n\u0131 ortadan ay\u0131ran g\u00fczel oyuncu y\u00fcz hatlar\u0131n\u0131n g\u00fczelli\u011fini sakin ve naif sa\u00e7lar\u0131 ile \u00f6n plana \u00e7\u0131kar\u0131yor.<\/p>\n<p>Sa\u00e7 modelinde d\u00fcz model sevse de kesim olarak d\u00fcz kesimden ziyade hafif katlar\u0131 tercih ediyor. Uzun sa\u00e7lar\u0131n\u0131n u\u00e7 seviyelerinde verdi\u011fi hafif uzunluk farklar\u0131 \u0130pek Karap\u0131nar'\u0131n sa\u00e7lar\u0131na k\u00fc\u00e7\u00fck bir volume kat\u0131yor. Bu da sa\u00e7\u0131 s\u0131radanl\u0131ktan \u00e7\u0131kar\u0131yor. Kullanm\u0131\u015f oldu\u011fu bu modelde sa\u00e7 kesimleri g\u00fcnl\u00fck olarak bir\u00e7ok modeli kullanmas\u0131na da olanak sa\u011fl\u0131yor. \u00d6zellikle at kuyru\u011fu oyuncunun tercih ettiklerinin ba\u015f\u0131nda geliyor. Bunun d\u0131\u015f\u0131nda g\u00fczel \u00f6rg\u00fcleri de seven \u0130pek Karap\u0131nar \u00f6zellikle bal\u0131ks\u0131rt\u0131 sa\u00e7\u0131 s\u0131k s\u0131k kullan\u0131yor.<\/p>\n<p>Dalgal\u0131 olarak sa\u00e7lar\u0131n\u0131 kulland\u0131\u011f\u0131nda ise sa\u00e7 rengi bir nebze daha a\u00e7\u0131k g\u00f6r\u00fcn\u00fcyor. Dalgal\u0131 sa\u00e7lar \u0131\u015f\u0131\u011f\u0131 \u00e7ok daha iyi yans\u0131tt\u0131\u011f\u0131 i\u00e7in bu renk a\u00e7\u0131lmas\u0131 ve g\u00f6lgeli g\u00f6r\u00fcnt\u00fc ka\u00e7\u0131n\u0131lmaz oluyor. \u00d6zellikle g\u00fcne\u015f \u0131\u015f\u0131\u011f\u0131nda hafif dalgal\u0131 sa\u00e7lar\u0131 birka\u00e7 farkl\u0131 yak\u0131n tonu bir arada g\u00f6steriyor. \u0130pek Karap\u0131nar kulland\u0131\u011f\u0131 modellerin yan\u0131nda sa\u00e7lar\u0131n\u0131 en fazla sal\u0131k olarak tercih ediyor. Bu da oyuncuya sade ve naif bir ifade kazand\u0131r\u0131yor.<\/p>\n<p>\u0130pek Karap\u0131nar sadece son d\u00f6nemdeki dizisi ile de\u011fil\u201a \u015fimdiye kadar rol ald\u0131\u011f\u0131 t\u00fcm dizilerde g\u00fczel g\u00f6r\u00fcnt\u00fcs\u00fc ile ilgi \u00e7ekmeyi ba\u015farm\u0131\u015f bir oyuncu. Oyunculuk kariyerine ilk ba\u015flad\u0131\u011f\u0131 dizi olan Hat\u0131rla Sevgili dizisinde Emine karakterinde rol alm\u0131\u015ft\u0131. Bu rol\u00fc de ba\u015far\u0131 ile canland\u0131ran \u0130pek Karap\u0131nar o d\u00f6nem tamamen d\u00fcz\u201a ortadan ayr\u0131lm\u0131\u015f bir sa\u00e7 modeli kullan\u0131yordu. Sa\u00e7 rengi ise \u015fimdiki gibi kumral tonlar\u0131ndan ziyade daha koyu kahverengi idi ve daha sert bir tondu.<\/p>\n<p>\u0130kinci projesi olan Kurtlar Vadisinde ise \u0130pek Karap\u0131nar'\u0131n canland\u0131rd\u0131\u011f\u0131 karatker Funda \u0130lmen idi. Bu karakteri canland\u0131r\u0131rken ise daha farkl\u0131 ve sadelikten uzak bir g\u00f6r\u00fcnt\u00fcye sahipti. \u00d6zellikle hareketli sa\u00e7lar\u0131\u201a sa\u00e7lar\u0131n\u0131n aras\u0131ndaki karamel tondaki yans\u0131malar ile g\u00f6rm\u00fc\u015ft\u00fck onu. Oyuncunun bir sonraki dizisi ise G\u00fcl\u015fen rol\u00fcn\u00fc canland\u0131rd\u0131\u011f\u0131 Doludizgin Y\u0131llar isimli dizi idi. Bu dizide ise yine koyu kahverengi sa\u00e7lara sahipti. Kahk\u00fcl ve per\u00e7em kullanmam\u0131\u015f\u201a sa\u00e7lar\u0131n\u0131 ortadan ay\u0131rm\u0131\u015f ve yine uzun \u015fekli ile tercih etmi\u015fti. Canland\u0131rd\u0131\u011f\u0131 karakter gibi sade bir tercihte bulunmu\u015ftu.<\/p>\n<p>Daha sonraki dizisi ise bir gen\u00e7lik dizisi idi. K\u00fc\u00e7\u00fck S\u0131rlar isimli bir lise dizisinde \u00e7\u0131lg\u0131n ve problemli bir karakter olan Arzu'yu \u0130pek Karap\u0131nar canland\u0131rd\u0131. Karakterin gen\u00e7li\u011fi ve \u00e7\u0131lg\u0131n yap\u0131s\u0131ndan dolay\u0131 sa\u00e7lar\u0131 da buna uyum g\u00f6sterdi ve bu s\u00fcre\u00e7te bir farkl\u0131l\u0131k yaparak k\u0131sa kahk\u00fcllere sahip bir sa\u00e7 modeli kulland\u0131. Rengi yine koyu kumralda kalsa da dizinin farkl\u0131 b\u00f6l\u00fcmlerinde daha a\u00e7\u0131k tonlarda da \u00e7\u0131kt\u0131 kar\u015f\u0131m\u0131za.<\/p>\n<p>K\u0131rg\u0131n \u00c7i\u00e7ekler ba\u015flamadan \u00f6nce son olarak yer ald\u0131\u011f\u0131 dizi ise Hayat Yolunda isimli dizi idi. Burada da farkl\u0131 g\u00f6r\u00fcn\u00fcmleri ve canland\u0131rd\u0131\u011f\u0131 karakter ile bir\u00e7ok ki\u015finin ilgi oda\u011f\u0131 oldu. G\u00fczelli\u011fi ve durulu\u011fu ile be\u011fenilen \u0130pek Karap\u0131nar dizide yine eski uzun sa\u00e7lar\u0131na geri d\u00f6nd\u00fc. Hafif dalgalar\u0131 s\u0131k s\u0131k kulland\u0131. Renk olarak ise olduk\u00e7a s\u0131cak ve do\u011fal olan bir kahverengi tonu tercih etti.<\/p>\n","protected":false},"excerpt":{"rendered":"<p>Son d\u00f6nemde severek izlenen dizilerden biri olan K\u0131rg\u0131n \u00c7i\u00e7ekler dizisinin sempatik karakteri \u0130pek Karap\u0131nar imaj\u0131 ve \u00f6zellikle de sa\u00e7lar\u0131 ile gen\u00e7 bayanlar\u0131n ilgi oda\u011f\u0131 oluyor. Parlak\u201a uzun ve al\u0131ml\u0131 sa\u00e7lar\u0131 sayesinde g\u00fczel bir g\u00f6r\u00fcnt\u00fc veren oyuncu sa\u00e7 modelinde ve renginde yapt\u0131\u011f\u0131 se\u00e7imleri ile merak konusu oluyor. Bu yaz\u0131m\u0131zda \u0130pek Karap\u0131nar'\u0131n tercih etmi\u015f oldu\u011fu sa\u00e7 renkleri ve modelleri \u00fczerine konu\u015faca\u011f\u0131z.<\/p>\n<p>\u0130pek Karap\u0131nar kahverengi tonlar\u0131nda sa\u00e7 rengine sahip. Kendi rengi de bu koyu tonlarda olmas\u0131na kar\u015f\u0131n kahverenginin farkl\u0131 tonlar\u0131n\u0131 da deneyerek farkl\u0131l\u0131k olu\u015fturuyor. Hem u\u00e7 bir renk se\u00e7imi yapmadan\u201a hem de s\u0131radan\u0131n d\u0131\u015f\u0131nda bir renk tercih ederek g\u00f6r\u00fcn\u00fcm\u00fcne g\u00fczellik kat\u0131yor. Kahverengi tonlar\u0131 aras\u0131nda yapt\u0131\u011f\u0131 se\u00e7imler sayesinde parlak ve al\u0131ml\u0131 sa\u00e7lar elde ediyor. \u00d6zellikle kahverengi tonlar\u0131 aras\u0131ndan s\u0131cak ve koyu tonlar\u0131 tercih ederek y\u00fcz\u00fcn\u00fcn g\u00fczelli\u011fini ve \u0131\u015f\u0131\u011f\u0131n\u0131 da daha iyi \u015fekilde \u00f6n plana \u00e7\u0131karm\u0131\u015f oluyor.<\/p>\n<p>\u0130pek Karap\u0131nar bildi\u011finiz gibi en son dizisi K\u0131rg\u0131n \u00c7i\u00e7ekler'de Feride rol\u00fcn\u00fc \u00fcstleniyor. Canland\u0131rd\u0131\u011f\u0131 karakterin orjinalli\u011fine kendi oyunculuk ba\u015far\u0131s\u0131n\u0131 da ekleyerek olduk\u00e7a iyi bir i\u015f \u00e7\u0131kar\u0131yor. G\u00fczelli\u011fi ile de bu iki unsuru tamamlam\u0131\u015f oluyor. Bir\u00e7ok bayan internette \u0130pek Karap\u0131nar'\u0131n son dizisinde kullanm\u0131\u015f oldu\u011fu sa\u00e7 rengini ara\u015ft\u0131r\u0131yor. \u00d6zellikle g\u00fcnl\u00fck hayatta rahat kullan\u0131labilecek bir ton olmas\u0131 ve klasi\u011fin d\u0131\u015f\u0131nda renkler olmas\u0131 bu merak\u0131n sebebi oluyor.<\/p>\n\n\t\t<style>\n\t\t\t#gallery-2 {\n\t\t\t\tmargin: auto;\n\t\t\t}\n\t\t\t#gallery-2 .gallery-item {\n\t\t\t\tfloat: left;\n\t\t\t\tmargin-top: 10px;\n\t\t\t\ttext-align: center;\n\t\t\t\twidth: 33%;\n\t\t\t}\n\t\t\t#gallery-2 img {\n\t\t\t\tborder: 2px solid #cfcfcf;\n\t\t\t}\n\t\t\t#gallery-2 .gallery-caption {\n\t\t\t\tmargin-left: 0;\n\t\t\t}\n\t\t\t\/* see gallery_shortcode() in wp-includes\/media.php *\/\n\t\t<\/style>\n\t\t<div id='gallery-2' class='gallery galleryid-3372 gallery-columns-3 gallery-size-thumbnail'><dl class='gallery-item'>\n\t\t\t<dt class='gallery-icon landscape'>\n\t\t\t\t<a href='https:\/\/www.9sac.com\/zh\/ipek-karapinar-sac-rengi-ve-modelleri\/ipek-karapinar-at-kuyrugu-sac-modeli\/'><img width=\"150\" height=\"150\" src=\"https:\/\/www.9sac.com\/wp-content\/uploads\/2017\/08\/ipek-karapinar-at-kuyrugu-sac-modeli-150x150.jpg\" class=\"attachment-thumbnail size-thumbnail\" alt=\"\u0130pek Karap\u0131nar At Kuyru\u011fu Sa\u00e7 Modeli\" aria-describedby=\"gallery-2-3375\" decoding=\"async\" \/><\/a>\n\t\t\t<\/dt>\n\t\t\t\t<dd class='wp-caption-text gallery-caption' id='gallery-2-3375'>\n\t\t\t\t\u0130pek Karap\u0131nar At Kuyru\u011fu Sa\u00e7 Modeli\n\t\t\t\t<\/dd><\/dl><dl class='gallery-item'>\n\t\t\t<dt class='gallery-icon landscape'>\n\t\t\t\t<a href='https:\/\/www.9sac.com\/zh\/ipek-karapinar-sac-rengi-ve-modelleri\/ipek-karapinar-kahkullu-sac-modelleri\/'><img width=\"150\" height=\"150\" src=\"https:\/\/www.9sac.com\/wp-content\/uploads\/2017\/08\/ipek-karapinar-kahkullu-sac-modelleri-150x150.jpg\" class=\"attachment-thumbnail size-thumbnail\" alt=\"\u0130pek Karap\u0131nar Kahk\u00fcll\u00fc Sa\u00e7 Modelleri\" aria-describedby=\"gallery-2-3376\" decoding=\"async\" \/><\/a>\n\t\t\t<\/dt>\n\t\t\t\t<dd class='wp-caption-text gallery-caption' id='gallery-2-3376'>\n\t\t\t\t\u0130pek Karap\u0131nar Kahk\u00fcll\u00fc Sa\u00e7 Modelleri\n\t\t\t\t<\/dd><\/dl><dl class='gallery-item'>\n\t\t\t<dt class='gallery-icon landscape'>\n\t\t\t\t<a href='https:\/\/www.9sac.com\/zh\/ipek-karapinar-sac-rengi-ve-modelleri\/ipek-karapinar-kahkullu-uzun-sac-modelleri\/'><img width=\"150\" height=\"150\" src=\"https:\/\/www.9sac.com\/wp-content\/uploads\/2017\/08\/ipek-karapinar-kahkullu-uzun-sac-modelleri-150x150.jpg\" class=\"attachment-thumbnail size-thumbnail\" alt=\"\u0130pek Karap\u0131nar Kahk\u00fcll\u00fc Uzun Sa\u00e7 Modelleri\" aria-describedby=\"gallery-2-3377\" decoding=\"async\" \/><\/a>\n\t\t\t<\/dt>\n\t\t\t\t<dd class='wp-caption-text gallery-caption' id='gallery-2-3377'>\n\t\t\t\t\u0130pek Karap\u0131nar Kahk\u00fcll\u00fc Uzun Sa\u00e7 Modelleri\n\t\t\t\t<\/dd><\/dl><br style=\"clear: both\" \/><dl class='gallery-item'>\n\t\t\t<dt class='gallery-icon landscape'>\n\t\t\t\t<a href='https:\/\/www.9sac.com\/zh\/ipek-karapinar-sac-rengi-ve-modelleri\/ipek-karapinar-kirgin-cicekler-sac-rengi-modeli\/'><img width=\"150\" height=\"150\" src=\"https:\/\/www.9sac.com\/wp-content\/uploads\/2017\/08\/ipek-karapinar-kirgin-cicekler-sac-rengi-modeli-150x150.jpg\" class=\"attachment-thumbnail size-thumbnail\" alt=\"\u0130pek Karap\u0131nar K\u0131rg\u0131n \u00c7i\u00e7ekler Sa\u00e7 Modeli\" aria-describedby=\"gallery-2-3378\" decoding=\"async\" \/><\/a>\n\t\t\t<\/dt>\n\t\t\t\t<dd class='wp-caption-text gallery-caption' id='gallery-2-3378'>\n\t\t\t\t\u0130pek Karap\u0131nar K\u0131rg\u0131n \u00c7i\u00e7ekler Sa\u00e7 Modeli\n\t\t\t\t<\/dd><\/dl><dl class='gallery-item'>\n\t\t\t<dt class='gallery-icon landscape'>\n\t\t\t\t<a href='https:\/\/www.9sac.com\/zh\/ipek-karapinar-sac-rengi-ve-modelleri\/ipek-karapinar-saclar\/'><img width=\"150\" height=\"150\" src=\"https:\/\/www.9sac.com\/wp-content\/uploads\/2017\/08\/ipek-karapinar-saclar-150x150.jpg\" class=\"attachment-thumbnail size-thumbnail\" alt=\"\u0130pek Karap\u0131nar Sa\u00e7lar\" aria-describedby=\"gallery-2-3379\" decoding=\"async\" \/><\/a>\n\t\t\t<\/dt>\n\t\t\t\t<dd class='wp-caption-text gallery-caption' id='gallery-2-3379'>\n\t\t\t\t\u0130pek Karap\u0131nar Sa\u00e7lar\n\t\t\t\t<\/dd><\/dl><dl class='gallery-item'>\n\t\t\t<dt class='gallery-icon portrait'>\n\t\t\t\t<a href='https:\/\/www.9sac.com\/zh\/ipek-karapinar-sac-rengi-ve-modelleri\/ipek-karapinar-sac-modelleri\/'><img width=\"150\" height=\"150\" src=\"https:\/\/www.9sac.com\/wp-content\/uploads\/2017\/08\/ipek-karapinar-sac-modelleri-150x150.jpg\" class=\"attachment-thumbnail size-thumbnail\" alt=\"\u0130pek Karap\u0131nar Sa\u00e7 Modelleri\" aria-describedby=\"gallery-2-3380\" decoding=\"async\" \/><\/a>\n\t\t\t<\/dt>\n\t\t\t\t<dd class='wp-caption-text gallery-caption' id='gallery-2-3380'>\n\t\t\t\t\u0130pek Karap\u0131nar Sa\u00e7 Modelleri\n\t\t\t\t<\/dd><\/dl><br style=\"clear: both\" \/><dl class='gallery-item'>\n\t\t\t<dt class='gallery-icon landscape'>\n\t\t\t\t<a href='https:\/\/www.9sac.com\/zh\/ipek-karapinar-sac-rengi-ve-modelleri\/ipek-karapinar-sac-modelleri-kirgin-cicekler\/'><img width=\"150\" height=\"150\" src=\"https:\/\/www.9sac.com\/wp-content\/uploads\/2017\/08\/ipek-karapinar-sac-modelleri-kirgin-cicekler-150x150.jpg\" class=\"attachment-thumbnail size-thumbnail\" alt=\"\u0130pek Karap\u0131nar Sa\u00e7 Modelleri K\u0131rg\u0131n \u00c7i\u00e7ekler\" aria-describedby=\"gallery-2-3381\" decoding=\"async\" \/><\/a>\n\t\t\t<\/dt>\n\t\t\t\t<dd class='wp-caption-text gallery-caption' id='gallery-2-3381'>\n\t\t\t\t\u0130pek Karap\u0131nar Sa\u00e7 Modelleri K\u0131rg\u0131n \u00c7i\u00e7ekler\n\t\t\t\t<\/dd><\/dl><dl class='gallery-item'>\n\t\t\t<dt class='gallery-icon landscape'>\n\t\t\t\t<a href='https:\/\/www.9sac.com\/zh\/ipek-karapinar-sac-rengi-ve-modelleri\/ipek-karapinar-sac-rengi-modelleri\/'><img width=\"150\" height=\"150\" src=\"https:\/\/www.9sac.com\/wp-content\/uploads\/2017\/08\/ipek-karapinar-sac-rengi-modelleri-150x150.jpg\" class=\"attachment-thumbnail size-thumbnail\" alt=\"\u0130pek Karap\u0131nar Sa\u00e7 Rengi Modelleri\" aria-describedby=\"gallery-2-3382\" decoding=\"async\" \/><\/a>\n\t\t\t<\/dt>\n\t\t\t\t<dd class='wp-caption-text gallery-caption' id='gallery-2-3382'>\n\t\t\t\t\u0130pek Karap\u0131nar Sa\u00e7 Rengi Modelleri\n\t\t\t\t<\/dd><\/dl><dl class='gallery-item'>\n\t\t\t<dt class='gallery-icon portrait'>\n\t\t\t\t<a href='https:\/\/www.9sac.com\/zh\/ipek-karapinar-sac-rengi-ve-modelleri\/ipek-karapinar-talih-kusundaki-sac-rengi-modeli\/'><img width=\"150\" height=\"150\" src=\"https:\/\/www.9sac.com\/wp-content\/uploads\/2017\/08\/ipek-karapinar-talih-kusundaki-sac-rengi-modeli-150x150.jpg\" class=\"attachment-thumbnail size-thumbnail\" alt=\"\u0130pek Karap\u0131nar Talih Ku\u015fundaki Sa\u00e7 Rengi Modeli\" aria-describedby=\"gallery-2-3383\" decoding=\"async\" \/><\/a>\n\t\t\t<\/dt>\n\t\t\t\t<dd class='wp-caption-text gallery-caption' id='gallery-2-3383'>\n\t\t\t\t\u0130pek Karap\u0131nar Talih Ku\u015fundaki Sa\u00e7 Rengi Modeli\n\t\t\t\t<\/dd><\/dl><br style=\"clear: both\" \/><dl class='gallery-item'>\n\t\t\t<dt class='gallery-icon landscape'>\n\t\t\t\t<a href='https:\/\/www.9sac.com\/zh\/ipek-karapinar-sac-rengi-ve-modelleri\/ipek-karapinar-tum-sac-rengi-modelleri\/'><img width=\"150\" height=\"150\" src=\"https:\/\/www.9sac.com\/wp-content\/uploads\/2017\/08\/ipek-karapinar-tum-sac-rengi-modelleri-150x150.jpg\" class=\"attachment-thumbnail size-thumbnail\" alt=\"\u0130pek Karap\u0131nar T\u00fcm Sa\u00e7 Rengi Modelleri\" aria-describedby=\"gallery-2-3384\" decoding=\"async\" \/><\/a>\n\t\t\t<\/dt>\n\t\t\t\t<dd class='wp-caption-text gallery-caption' id='gallery-2-3384'>\n\t\t\t\t\u0130pek Karap\u0131nar T\u00fcm Sa\u00e7 Rengi Modelleri\n\t\t\t\t<\/dd><\/dl>\n\t\t\t<br style='clear: both' \/>\n\t\t<\/div>\n\n<p>\u00d6ncelikli olarak s\u00f6ylememiz gereken \u015fey ayn\u0131 rengi tutturabilmek i\u00e7in profesyonel bir kuaf\u00f6r ile birlikte \u00e7al\u0131\u015fman\u0131z gerekti\u011fi. Sonu\u00e7ta her sa\u00e7 tipi ve rengi farkl\u0131 olaca\u011f\u0131ndan ayn\u0131 boyay\u0131 kullansan\u0131z dahi ayn\u0131 rengi elde edememe olas\u0131l\u0131\u011f\u0131n\u0131z da hayli y\u00fcksek. Bu y\u00fczden \u00f6ncelikle g\u00fcvendi\u011finiz bir kuaf\u00f6r ile g\u00f6r\u00fc\u015fmelisiniz. \u0130pek Karap\u0131nar'\u0131n sa\u00e7 boyas\u0131 Loeral Paris Excellence serisinin 6.03 numaral\u0131 rengi. Rengin ismi ise yo\u011fun koyu kumral sa\u00e7 olarak ge\u00e7iyor. Kuaf\u00f6r\u00fcn\u00fczden bu rengi sizin sa\u00e7lar\u0131n\u0131za uygulamas\u0131n\u0131 isteyerek \u0130pek Karap\u0131nar'\u0131n rengini elde etmeniz m\u00fcmk\u00fcn.<\/p>\n<p>\u0130pek Karap\u0131nar sadece sa\u00e7 rengi ile de\u011fil modeli ile de bayanlar\u0131n ilgisini \u00e7ekiyor. E\u011fer oyuncunun renginde sa\u00e7lar\u0131n\u0131z\u0131 boyatmay\u0131 d\u00fc\u015f\u00fcn\u00fcyorsan\u0131z modelini de benzer \u015fekilde tercih ederseniz daha iyi bir sonu\u00e7 elde edebilirsiniz. Bildi\u011finiz gibi oyuncu daha \u00e7ok uzun sa\u00e7lar\u0131 tercih ediyor. Uzun sa\u00e7lar\u0131n\u0131 ise \u00e7o\u011funlukla d\u00fcz ya da hafif su dalgas\u0131 olacak \u015fekilde tercih ediyor. Sa\u00e7lar\u0131n\u0131 ortadan ay\u0131ran g\u00fczel oyuncu y\u00fcz hatlar\u0131n\u0131n g\u00fczelli\u011fini sakin ve naif sa\u00e7lar\u0131 ile \u00f6n plana \u00e7\u0131kar\u0131yor.<\/p>\n<p>Sa\u00e7 modelinde d\u00fcz model sevse de kesim olarak d\u00fcz kesimden ziyade hafif katlar\u0131 tercih ediyor. Uzun sa\u00e7lar\u0131n\u0131n u\u00e7 seviyelerinde verdi\u011fi hafif uzunluk farklar\u0131 \u0130pek Karap\u0131nar'\u0131n sa\u00e7lar\u0131na k\u00fc\u00e7\u00fck bir volume kat\u0131yor. Bu da sa\u00e7\u0131 s\u0131radanl\u0131ktan \u00e7\u0131kar\u0131yor. Kullanm\u0131\u015f oldu\u011fu bu modelde sa\u00e7 kesimleri g\u00fcnl\u00fck olarak bir\u00e7ok modeli kullanmas\u0131na da olanak sa\u011fl\u0131yor. \u00d6zellikle at kuyru\u011fu oyuncunun tercih ettiklerinin ba\u015f\u0131nda geliyor. Bunun d\u0131\u015f\u0131nda g\u00fczel \u00f6rg\u00fcleri de seven \u0130pek Karap\u0131nar \u00f6zellikle bal\u0131ks\u0131rt\u0131 sa\u00e7\u0131 s\u0131k s\u0131k kullan\u0131yor.<\/p>\n<p>Dalgal\u0131 olarak sa\u00e7lar\u0131n\u0131 kulland\u0131\u011f\u0131nda ise sa\u00e7 rengi bir nebze daha a\u00e7\u0131k g\u00f6r\u00fcn\u00fcyor. Dalgal\u0131 sa\u00e7lar \u0131\u015f\u0131\u011f\u0131 \u00e7ok daha iyi yans\u0131tt\u0131\u011f\u0131 i\u00e7in bu renk a\u00e7\u0131lmas\u0131 ve g\u00f6lgeli g\u00f6r\u00fcnt\u00fc ka\u00e7\u0131n\u0131lmaz oluyor. \u00d6zellikle g\u00fcne\u015f \u0131\u015f\u0131\u011f\u0131nda hafif dalgal\u0131 sa\u00e7lar\u0131 birka\u00e7 farkl\u0131 yak\u0131n tonu bir arada g\u00f6steriyor. \u0130pek Karap\u0131nar kulland\u0131\u011f\u0131 modellerin yan\u0131nda sa\u00e7lar\u0131n\u0131 en fazla sal\u0131k olarak tercih ediyor. Bu da oyuncuya sade ve naif bir ifade kazand\u0131r\u0131yor.<\/p>\n<p>\u0130pek Karap\u0131nar sadece son d\u00f6nemdeki dizisi ile de\u011fil\u201a \u015fimdiye kadar rol ald\u0131\u011f\u0131 t\u00fcm dizilerde g\u00fczel g\u00f6r\u00fcnt\u00fcs\u00fc ile ilgi \u00e7ekmeyi ba\u015farm\u0131\u015f bir oyuncu. Oyunculuk kariyerine ilk ba\u015flad\u0131\u011f\u0131 dizi olan Hat\u0131rla Sevgili dizisinde Emine karakterinde rol alm\u0131\u015ft\u0131. Bu rol\u00fc de ba\u015far\u0131 ile canland\u0131ran \u0130pek Karap\u0131nar o d\u00f6nem tamamen d\u00fcz\u201a ortadan ayr\u0131lm\u0131\u015f bir sa\u00e7 modeli kullan\u0131yordu. Sa\u00e7 rengi ise \u015fimdiki gibi kumral tonlar\u0131ndan ziyade daha koyu kahverengi idi ve daha sert bir tondu.<\/p>\n<p>\u0130kinci projesi olan Kurtlar Vadisinde ise \u0130pek Karap\u0131nar'\u0131n canland\u0131rd\u0131\u011f\u0131 karatker Funda \u0130lmen idi. Bu karakteri canland\u0131r\u0131rken ise daha farkl\u0131 ve sadelikten uzak bir g\u00f6r\u00fcnt\u00fcye sahipti. \u00d6zellikle hareketli sa\u00e7lar\u0131\u201a sa\u00e7lar\u0131n\u0131n aras\u0131ndaki karamel tondaki yans\u0131malar ile g\u00f6rm\u00fc\u015ft\u00fck onu. Oyuncunun bir sonraki dizisi ise G\u00fcl\u015fen rol\u00fcn\u00fc canland\u0131rd\u0131\u011f\u0131 Doludizgin Y\u0131llar isimli dizi idi. Bu dizide ise yine koyu kahverengi sa\u00e7lara sahipti. Kahk\u00fcl ve per\u00e7em kullanmam\u0131\u015f\u201a sa\u00e7lar\u0131n\u0131 ortadan ay\u0131rm\u0131\u015f ve yine uzun \u015fekli ile tercih etmi\u015fti. Canland\u0131rd\u0131\u011f\u0131 karakter gibi sade bir tercihte bulunmu\u015ftu.<\/p>\n<p>Daha sonraki dizisi ise bir gen\u00e7lik dizisi idi. K\u00fc\u00e7\u00fck S\u0131rlar isimli bir lise dizisinde \u00e7\u0131lg\u0131n ve problemli bir karakter olan Arzu'yu \u0130pek Karap\u0131nar canland\u0131rd\u0131. Karakterin gen\u00e7li\u011fi ve \u00e7\u0131lg\u0131n yap\u0131s\u0131ndan dolay\u0131 sa\u00e7lar\u0131 da buna uyum g\u00f6sterdi ve bu s\u00fcre\u00e7te bir farkl\u0131l\u0131k yaparak k\u0131sa kahk\u00fcllere sahip bir sa\u00e7 modeli kulland\u0131. Rengi yine koyu kumralda kalsa da dizinin farkl\u0131 b\u00f6l\u00fcmlerinde daha a\u00e7\u0131k tonlarda da \u00e7\u0131kt\u0131 kar\u015f\u0131m\u0131za.<\/p>\n<p>K\u0131rg\u0131n \u00c7i\u00e7ekler ba\u015flamadan \u00f6nce son olarak yer ald\u0131\u011f\u0131 dizi ise Hayat Yolunda isimli dizi idi. Burada da farkl\u0131 g\u00f6r\u00fcn\u00fcmleri ve canland\u0131rd\u0131\u011f\u0131 karakter ile bir\u00e7ok ki\u015finin ilgi oda\u011f\u0131 oldu. G\u00fczelli\u011fi ve durulu\u011fu ile be\u011fenilen \u0130pek Karap\u0131nar dizide yine eski uzun sa\u00e7lar\u0131na geri d\u00f6nd\u00fc. Hafif dalgalar\u0131 s\u0131k s\u0131k kulland\u0131. Renk olarak ise olduk\u00e7a s\u0131cak ve do\u011fal olan bir kahverengi tonu tercih etti.<\/p>\n","protected":false},"author":1,"featured_media":3384,"comment_status":"closed","ping_status":"closed","sticky":false,"template":"","format":"standard","meta":{"footnotes":""},"categories":[8,5],"tags":[],"views":4113,"_links":{"self":[{"href":"https:\/\/www.9sac.com\/zh\/wp-json\/wp\/v2\/posts\/3372"}],"collection":[{"href":"https:\/\/www.9sac.com\/zh\/wp-json\/wp\/v2\/posts"}],"about":[{"href":"https:\/\/www.9sac.com\/zh\/wp-json\/wp\/v2\/types\/post"}],"author":[{"embeddable":true,"href":"https:\/\/www.9sac.com\/zh\/wp-json\/wp\/v2\/users\/1"}],"replies":[{"embeddable":true,"href":"https:\/\/www.9sac.com\/zh\/wp-json\/wp\/v2\/comments?post=3372"}],"version-history":[{"count":0,"href":"https:\/\/www.9sac.com\/zh\/wp-json\/wp\/v2\/posts\/3372\/revisions"}],"wp:featuredmedia":[{"embeddable":true,"href":"https:\/\/www.9sac.com\/zh\/wp-json\/wp\/v2\/media\/3384"}],"wp:attachment":[{"href":"https:\/\/www.9sac.com\/zh\/wp-json\/wp\/v2\/media?parent=3372"}],"wp:term":[{"taxonomy":"category","embeddable":true,"href":"https:\/\/www.9sac.com\/zh\/wp-json\/wp\/v2\/categories?post=3372"},{"taxonomy":"post_tag","embeddable":true,"href":"https:\/\/www.9sac.com\/zh\/wp-json\/wp\/v2\/tags?post=3372"}],"curies":[{"name":"wp","href":"https:\/\/api.w.org\/{rel}","templated":true}]}}