{"id":4263,"date":"2023-08-10T03:12:41","date_gmt":"2023-08-10T00:12:41","guid":{"rendered":"http:\/\/www.9sac.com\/?p=4263"},"modified":"2023-08-25T13:38:34","modified_gmt":"2023-08-25T10:38:34","slug":"hande-ercelin-muhtesem-sac-rengi-year","status":"publish","type":"post","link":"https:\/\/www.9sac.com\/zh\/hande-ercelin-muhtesem-sac-rengi-year\/","title":{"rendered":"Hande Er\u00e7el'in Muhte\u015fem Sa\u00e7 Rengi 2026"},"content":{"rendered":"\r\n<h2><strong>Hande Er\u00e7el in Muhte\u015fem Sa\u00e7 Rengi<\/strong><\/h2>\r\n<p><strong>Hande Er\u00e7el in Muhte\u015fem Sa\u00e7 Rengi<\/strong> 2026 Son zamanlar\u0131n g\u00f6zde oyuncular\u0131ndan olan Hande Er\u00e7el 24 Kas\u0131m 1993, Bal\u0131kesir do\u011fumlu. \u0130ki k\u0131z karde\u015fin k\u00fc\u00e7\u00fc\u011f\u00fc olan g\u00fczel oyuncu 175 boyunda ve 55 kilogram. E\u011fitimine Mimar Sinan \u00dcniversitesi Geleneksel T\u00fcrk Sanatlar\u0131 B\u00f6l\u00fcm\u00fcnde devam etmektedir. 2012 y\u0131l\u0131nda kat\u0131ld\u0131\u011f\u0131, Azerbaycan\u2019 da d\u00fczenlenen Miss Civilization yar\u0131\u015fmas\u0131nda 2.lik kazanan ve b\u00f6ylece g\u00fczelli\u011fini tescillemi\u015f olan oyuncunun televizyon seyircisiyle ilk bulu\u015fmas\u0131 2014 y\u0131l\u0131nda TRT1 de yay\u0131nlanan Hayat A\u011fac\u0131 dizisiyle olmu\u015ftur. Ard\u0131ndan \u00c7\u0131lg\u0131n Dershane \u00dcniversite\u2019de dizisindeki Meryem karakteriyle dikkatleri \u00e7ekmeyi ba\u015farm\u0131\u015ft\u0131r.<\/p>\r\n\r\n\r\n\r\n<figure class=\"wp-block-image aligncenter\"><img decoding=\"async\" width=\"387\" height=\"564\" class=\"wp-image-4264\" src=\"http:\/\/www.9sac.com\/wp-content\/uploads\/2017\/12\/hande_ercel_1.jpg\" alt=\"Hande Er\u00e7el Sa\u00e7 Rengi\" srcset=\"https:\/\/www.9sac.com\/wp-content\/uploads\/2017\/12\/hande_ercel_1.jpg 387w, https:\/\/www.9sac.com\/wp-content\/uploads\/2017\/12\/hande_ercel_1-206x300.jpg 206w\" sizes=\"(max-width: 387px) 100vw, 387px\" \/>\r\n<figcaption class=\"wp-element-caption\">Hande Er\u00e7el Sa\u00e7 Rengi<\/figcaption>\r\n<\/figure>\r\n\r\n\r\n\r\n<p>As\u0131l \u00e7\u0131k\u0131\u015f\u0131 ise G\u00fcne\u015fin K\u0131zlar\u0131 dizisindeki Selin karakteriyle yakalam\u0131\u015ft\u0131r. \u00d6zellikle Tolga Sar\u0131ta\u015f\u2019la yakalad\u0131\u011f\u0131 uyumla ad\u0131ndan fazlas\u0131yla s\u00f6z ettiren Hande Er\u00e7el sosyal medyan\u0131n da g\u00f6sterdi\u011fi b\u00fcy\u00fck ilgiyle ciddi bir hayran kitlesi edinmi\u015ftir. Oyuncunun bu rol\u00fcyle kazand\u0131\u011f\u0131 42. Alt\u0131n Kelebek \u00d6d\u00fclleri \u201cY\u0131ld\u0131z\u0131 Parlayan Oyuncu\u201d \u00f6d\u00fcl\u00fc bulunmaktad\u0131r. 2016 y\u0131l\u0131nda ba\u015frollerini Burak Deniz\u2019le payla\u015ft\u0131\u011f\u0131 A\u015fk Laftan Anlamaz dizisindeki performans\u0131yla g\u00f6z dolduran \u00fcnl\u00fc oyuncu \u015fu s\u0131ralar Siyah \u0130nci dizisiyle evlerimize konuk oluyor. Ba\u015frollerini Tolgahan Say\u0131\u015fman\u2019la payla\u015fan sempatik oyuncu dizide Hazal karakteriyle yine g\u00fczelli\u011fiyle ad\u0131ndan s\u0131k\u00e7a s\u00f6z ettirmeyi ba\u015fard\u0131.<\/p>\r\n\r\n\r\n\r\n<figure class=\"wp-block-image\"><img decoding=\"async\" width=\"829\" height=\"625\" class=\"wp-image-4265\" src=\"http:\/\/www.9sac.com\/wp-content\/uploads\/2017\/12\/hande_ercel_3.jpg\" alt=\"Hande Er\u00e7el Sa\u00e7 Rengi\" srcset=\"https:\/\/www.9sac.com\/wp-content\/uploads\/2017\/12\/hande_ercel_3.jpg 829w, https:\/\/www.9sac.com\/wp-content\/uploads\/2017\/12\/hande_ercel_3-300x226.jpg 300w\" sizes=\"(max-width: 829px) 100vw, 829px\" \/>\r\n<figcaption class=\"wp-element-caption\">Hande Er\u00e7el Sa\u00e7 Rengi<\/figcaption>\r\n<\/figure>\r\n\r\n\r\n\r\n<p>Bug\u00fcne kadar sa\u00e7lar\u0131n\u0131 boyatmayan ve do\u011fal sa\u00e7 rengiyle ekranlarda boy g\u00f6steren \u00fcnl\u00fc dizi oyuncusu Loreal Paris in g\u00fczellik el\u00e7isi olduktan sonra Loreal in Loreal Paris Casting ad\u0131n\u0131 verdi\u011fi kaliteli boyalar\u0131yla bu fikrinden vazge\u00e7ti ve sa\u00e7lar\u0131n\u0131 boyatmaya karar verdi. G\u00fczel oyuncu sa\u00e7lar\u0131n\u0131n y\u0131pranaca\u011f\u0131n\u0131 ve bak\u0131m\u0131n\u0131n zor olabilece\u011fini d\u00fc\u015f\u00fcnd\u00fc\u011f\u00fcnden boyatma karar\u0131 verene kadar sadece ge\u00e7ici olarak \u00e7ok az k\u0131s\u0131mlar\u0131na renk de\u011fi\u015fimleri uygulam\u0131\u015f.<\/p>\r\n\r\n\r\n\r\n<figure class=\"wp-block-image aligncenter\"><img decoding=\"async\" width=\"588\" height=\"604\" class=\"wp-image-4266\" src=\"http:\/\/www.9sac.com\/wp-content\/uploads\/2017\/12\/boyaresmi.jpg\" alt=\"Hande Er\u00e7el Sa\u00e7 Rengi\" srcset=\"https:\/\/www.9sac.com\/wp-content\/uploads\/2017\/12\/boyaresmi.jpg 588w, https:\/\/www.9sac.com\/wp-content\/uploads\/2017\/12\/boyaresmi-292x300.jpg 292w\" sizes=\"(max-width: 588px) 100vw, 588px\" \/>\r\n<figcaption class=\"wp-element-caption\">Hande Er\u00e7el Sa\u00e7 Rengi<\/figcaption>\r\n<\/figure>\r\n\r\n\r\n\r\n<p>Sa\u00e7lar\u0131n\u0131 boyatmaya karar verdi\u011finde yeni sa\u00e7 rengini belirlemek i\u00e7in hayranlar\u0131ndan yard\u0131m isteyen Er\u00e7el, <u>B\u00f6\u011f\u00fcrtlen K\u0131z\u0131l\u0131, Bronz Kahve ve Bitter \u00c7ikolata<\/u> renklerini 1 hafta boyunca oylamaya a\u00e7t\u0131. Sempatik oyuncu hayranlar\u0131ndan en y\u00fcksek oyu alan rengi uygulamaya karar verdi. \u00c7\u0131kan sonuca g\u00f6re en y\u00fcksek oyu almay\u0131 ba\u015faran bu 3 renkten <a href=\"https:\/\/www.9sac.com\/guzel-kizil-kahve-sac-renkleri-ve-modelleri\/\"><strong><u>BRONZ KAHVE <\/u><\/strong><\/a>\u00a0<strong><u>\u00a0<\/u><\/strong>g\u00fczel oyuncunun yeni sa\u00e7 renginin de ismi oldu.<\/p>\r\n\r\n\r\n\r\n<figure class=\"wp-block-image aligncenter\"><img decoding=\"async\" width=\"499\" height=\"625\" class=\"wp-image-4267\" src=\"http:\/\/www.9sac.com\/wp-content\/uploads\/2017\/12\/hande_ercel_7.jpg\" alt=\"Hande Er\u00e7el Sa\u00e7 Rengi\" srcset=\"https:\/\/www.9sac.com\/wp-content\/uploads\/2017\/12\/hande_ercel_7.jpg 499w, https:\/\/www.9sac.com\/wp-content\/uploads\/2017\/12\/hande_ercel_7-240x300.jpg 240w\" sizes=\"(max-width: 499px) 100vw, 499px\" \/>\r\n<figcaption class=\"wp-element-caption\">Hande Er\u00e7el Sa\u00e7 Rengi<\/figcaption>\r\n<\/figure>\r\n\r\n\r\n\r\n<p>G\u00fczelli\u011fiyle g\u00f6z kama\u015ft\u0131ran \u00fcnl\u00fc kad\u0131n oyuncu art\u0131k ekranlarda <strong>Bronz kahve<\/strong> sa\u00e7 rengiyle bizlerin kar\u015f\u0131s\u0131na \u00e7\u0131kmaktad\u0131r. \u00dcnl\u00fc y\u0131ld\u0131z\u0131n kulland\u0131\u011f\u0131 sa\u00e7 boyas\u0131n\u0131n ismini ve numaras\u0131n\u0131 da sizlerle payla\u015faca\u011f\u0131z. Hande Er\u00e7el\u2019in sa\u00e7 boyas\u0131 <strong>Loreal Paris Casting Creme Glass 680 Bronz Kahve. <\/strong>Sizler de Hande Er\u00e7el in sa\u00e7 rengine sahip olmak istiyorsan\u0131z bu rengi kullanabilirsiniz. Loreal in bronz kahve rengi bu sa\u00e7 boyas\u0131 ar\u0131 s\u00fct\u00fc i\u00e7ermektedir ve ayr\u0131ca amonyaks\u0131zd\u0131r. Sa\u00e7lar\u0131 olduk\u00e7a yumu\u015fak hissettiren Loreal Paris Casting renkleri biz kad\u0131nlara 28 y\u0131kamaya kadar da kal\u0131c\u0131 olma garantisi veriyor. G\u00fczel oyuncu ilk defa boyatt\u0131\u011f\u0131 sa\u00e7 renginden olduk\u00e7a memnun ve harika hissetti\u011fini eklemeden ge\u00e7emiyor.<\/p>\r\n\r\n\r\n\r\n<figure class=\"wp-block-image\"><img decoding=\"async\" width=\"852\" height=\"627\" class=\"wp-image-4268\" src=\"http:\/\/www.9sac.com\/wp-content\/uploads\/2017\/12\/hande_ercel_4.jpg\" alt=\"Hande Er\u00e7el Sa\u00e7 Rengi\" srcset=\"https:\/\/www.9sac.com\/wp-content\/uploads\/2017\/12\/hande_ercel_4.jpg 852w, https:\/\/www.9sac.com\/wp-content\/uploads\/2017\/12\/hande_ercel_4-300x221.jpg 300w\" sizes=\"(max-width: 852px) 100vw, 852px\" \/>\r\n<figcaption class=\"wp-element-caption\">Hande Er\u00e7el Sa\u00e7 Rengi<\/figcaption>\r\n<\/figure>\r\n\r\n\r\n\r\n<p>Son d\u00f6nemin pop\u00fcler renklerinden olan bronz kahve hem alt\u0131n hem k\u0131z\u0131l yans\u0131malara sahip. Yine do\u011fal duran parlak bir sa\u00e7 rengi olmas\u0131 ve kal\u0131c\u0131l\u0131k garantisi vermesi sebebiyle kullan\u0131m\u0131 ve bak\u0131m\u0131 olduk\u00e7a kolay olan bu renk, \u00f6n\u00fcm\u00fczdeki y\u0131llarda da olduk\u00e7a tercih edilecek bir sa\u00e7 rengi olaca\u011fa benziyor. Buna binaen g\u00fczel y\u0131ld\u0131z da sa\u00e7lar\u0131n\u0131 uzun s\u00fcre kullanmak istedi\u011fini belirtmeden edemiyor. Oyuncu bir \u00e7ok hayran\u0131na\u00a0 bronz kahve sa\u00e7 rengiyle ilham kayna\u011f\u0131 olacak gibi g\u00f6z\u00fckmekte. \u0130\u015fte Hande Er\u00e7el in sa\u00e7lar\u0131n\u0131 boyatma hikayesi b\u00f6yle. Oyuncu yeni sa\u00e7lar\u0131yla do\u011fal g\u00f6r\u00fcnt\u00fcs\u00fcn\u00fc s\u00fcrd\u00fcrmeyi ba\u015fard\u0131\u011f\u0131ndan \u00f6t\u00fcr\u00fc olduk\u00e7a mutlu. Sizler de Hande Er\u00e7el in tercihi olan bronz kahve rengiyle do\u011fal ve <a href=\"https:\/\/tr.wikipedia.org\/wiki\/Sa\u00e7_d\u00fczle\u015ftirme\">parlak g\u00f6r\u00fcn\u00fcml\u00fc sa\u00e7lara<\/a> sahip olabilirsiniz.<\/p>\r\n\r\n\r\n\r\n<figure class=\"wp-block-image aligncenter\"><img decoding=\"async\" width=\"535\" height=\"392\" class=\"wp-image-4269\" src=\"http:\/\/www.9sac.com\/wp-content\/uploads\/2017\/12\/hande_ercel_5.jpg\" alt=\"Hande Er\u00e7el Sa\u00e7 Rengi\" srcset=\"https:\/\/www.9sac.com\/wp-content\/uploads\/2017\/12\/hande_ercel_5.jpg 535w, https:\/\/www.9sac.com\/wp-content\/uploads\/2017\/12\/hande_ercel_5-300x220.jpg 300w\" sizes=\"(max-width: 535px) 100vw, 535px\" \/>\r\n<figcaption class=\"wp-element-caption\">Hande Er\u00e7el Sa\u00e7 Rengi<\/figcaption>\r\n<\/figure>\r\n\r\n\r\n\r\n<figure class=\"wp-block-image aligncenter\"><img decoding=\"async\" width=\"407\" height=\"624\" class=\"wp-image-4270\" src=\"http:\/\/www.9sac.com\/wp-content\/uploads\/2017\/12\/hande_ercel_6.jpg\" alt=\"Hande Er\u00e7el Sa\u00e7 Rengi\" srcset=\"https:\/\/www.9sac.com\/wp-content\/uploads\/2017\/12\/hande_ercel_6.jpg 407w, https:\/\/www.9sac.com\/wp-content\/uploads\/2017\/12\/hande_ercel_6-196x300.jpg 196w\" sizes=\"(max-width: 407px) 100vw, 407px\" \/>\r\n<figcaption class=\"wp-element-caption\">Hande Er\u00e7el Sa\u00e7 Rengi<\/figcaption>\r\n<\/figure>\r\n\r\n\r\n\r\n\r\n\r\n<figure class=\"wp-block-image aligncenter\"><img decoding=\"async\" width=\"589\" height=\"622\" class=\"wp-image-4273\" src=\"http:\/\/www.9sac.com\/wp-content\/uploads\/2017\/12\/hande_ercel_2.jpg\" alt=\"Hande Er\u00e7el Sa\u00e7 Rengi\" srcset=\"https:\/\/www.9sac.com\/wp-content\/uploads\/2017\/12\/hande_ercel_2.jpg 589w, https:\/\/www.9sac.com\/wp-content\/uploads\/2017\/12\/hande_ercel_2-284x300.jpg 284w\" sizes=\"(max-width: 589px) 100vw, 589px\" \/>\r\n<figcaption class=\"wp-element-caption\">Hande Er\u00e7el Sa\u00e7 Rengi<\/figcaption>\r\n<\/figure>\r\n\r\n\r\n<ul class=\"wp-block-latest-posts__list wp-block-latest-posts\"><li><a class=\"wp-block-latest-posts__post-title\" href=\"https:\/\/www.9sac.com\/zh\/nur-scarfin-penye-sal-modelleri\/\">Nur Scarf'\u0131n Penye \u015eal Modelleri 2025'te \u015e\u0131kl\u0131k ve Rahatl\u0131k Sunuyor<\/a><\/li>\n<li><a class=\"wp-block-latest-posts__post-title\" href=\"https:\/\/www.9sac.com\/zh\/yikandiktan-sonra-kabaran-saclara-cozumler\/\">Y\u0131kand\u0131ktan Sonra Kabaran Sa\u00e7lara \u00c7\u00f6z\u00fcmler<\/a><\/li>\n<li><a class=\"wp-block-latest-posts__post-title\" href=\"https:\/\/www.9sac.com\/zh\/havali-platin-sarisi-sac-rengi-ve-modelleri\/\">Haval\u0131 Platin Sar\u0131s\u0131 Sa\u00e7 Rengi ve Modelleri 2024<\/a><\/li>\n<li><a class=\"wp-block-latest-posts__post-title\" href=\"https:\/\/www.9sac.com\/zh\/begenilen-kisa-erkek-sac-modelleri\/\">Be\u011fenilen K\u0131sa Erkek Sa\u00e7 Modelleri 2024<\/a><\/li>\n<li><a class=\"wp-block-latest-posts__post-title\" href=\"https:\/\/www.9sac.com\/zh\/altin-karamel-sac-rengi-ve-modelleri\/\">Alt\u0131n Karamel Sa\u00e7 Rengi ve Modelleri 2026<\/a><\/li>\n<\/ul>","protected":false},"excerpt":{"rendered":"<p>Hande Er\u00e7el in Muhte\u015fem Sa\u00e7 Rengi<br \/>\nHande Er\u00e7el in Muhte\u015fem Sa\u00e7 Rengi 2026 Son zamanlar\u0131n g\u00f6zde oyuncular\u0131ndan olan Hande Er\u00e7el 24 Kas\u0131m 1993, Bal\u0131kesir do\u011fumlu. \u0130ki k\u0131z karde\u015fin k\u00fc\u00e7\u00fc\u011f\u00fc olan g\u00fczel oyuncu 175 boyunda ve 55 kilogram. E\u011fitimine Mimar Sinan \u00dcniversitesi Geleneksel T\u00fcrk Sanatlar\u0131 B\u00f6l\u00fcm\u00fcnde devam etmektedir. 2012 y\u0131l\u0131nda kat\u0131ld\u0131\u011f\u0131, Azerbaycan\u2019 da d\u00fczenlenen Miss Civilization yar\u0131\u015fmas\u0131nda 2.lik kazanan ve b\u00f6ylece g\u00fczelli\u011fini tescillemi\u015f olan oyuncunun televizyon seyircisiyle ilk bulu\u015fmas\u0131 2014 y\u0131l\u0131nda TRT1 de yay\u0131nlanan Hayat A\u011fac\u0131 dizisiyle olmu\u015ftur. Ard\u0131ndan \u00c7\u0131lg\u0131n Dershane \u00dcniversite\u2019de dizisindeki Meryem karakteriyle dikkatleri \u00e7ekmeyi ba\u015farm\u0131\u015ft\u0131r.<\/p>\n","protected":false},"author":1,"featured_media":4274,"comment_status":"open","ping_status":"open","sticky":false,"template":"","format":"standard","meta":{"footnotes":""},"categories":[8,5,6,10,62],"tags":[68,79,67,71,77],"views":52343,"_links":{"self":[{"href":"https:\/\/www.9sac.com\/zh\/wp-json\/wp\/v2\/posts\/4263"}],"collection":[{"href":"https:\/\/www.9sac.com\/zh\/wp-json\/wp\/v2\/posts"}],"about":[{"href":"https:\/\/www.9sac.com\/zh\/wp-json\/wp\/v2\/types\/post"}],"author":[{"embeddable":true,"href":"https:\/\/www.9sac.com\/zh\/wp-json\/wp\/v2\/users\/1"}],"replies":[{"embeddable":true,"href":"https:\/\/www.9sac.com\/zh\/wp-json\/wp\/v2\/comments?post=4263"}],"version-history":[{"count":3,"href":"https:\/\/www.9sac.com\/zh\/wp-json\/wp\/v2\/posts\/4263\/revisions"}],"predecessor-version":[{"id":5862,"href":"https:\/\/www.9sac.com\/zh\/wp-json\/wp\/v2\/posts\/4263\/revisions\/5862"}],"wp:featuredmedia":[{"embeddable":true,"href":"https:\/\/www.9sac.com\/zh\/wp-json\/wp\/v2\/media\/4274"}],"wp:attachment":[{"href":"https:\/\/www.9sac.com\/zh\/wp-json\/wp\/v2\/media?parent=4263"}],"wp:term":[{"taxonomy":"category","embeddable":true,"href":"https:\/\/www.9sac.com\/zh\/wp-json\/wp\/v2\/categories?post=4263"},{"taxonomy":"post_tag","embeddable":true,"href":"https:\/\/www.9sac.com\/zh\/wp-json\/wp\/v2\/tags?post=4263"}],"curies":[{"name":"wp","href":"https:\/\/api.w.org\/{rel}","templated":true}]}}