{"id":4437,"date":"2023-08-11T16:55:57","date_gmt":"2023-08-11T13:55:57","guid":{"rendered":"http:\/\/www.9sac.com\/?p=4437"},"modified":"2023-08-11T16:56:41","modified_gmt":"2023-08-11T13:56:41","slug":"saglikli-saclar-icin-gunluk-bakim-tuyolari","status":"publish","type":"post","link":"https:\/\/www.9sac.com\/zh\/saglikli-saclar-icin-gunluk-bakim-tuyolari\/","title":{"rendered":"Sa\u011fl\u0131kl\u0131 Sa\u00e7lar i\u00e7in G\u00fcnl\u00fck Bak\u0131m T\u00fcyolar\u0131"},"content":{"rendered":"<p><strong>Sa\u011fl\u0131kl\u0131 Sa\u00e7lar i\u00e7in G\u00fcnl\u00fck Bak\u0131m T\u00fcyolar\u0131 |<\/strong> Sa\u00e7lar\u0131n\u0131z\u0131 nas\u0131l ve ne \u015fekilde y\u0131kad\u0131\u011f\u0131n\u0131z, bunun yan\u0131 s\u0131ra bak\u0131mlar\u0131 ve temizlikleri i\u00e7in kullanaca\u011f\u0131n\u0131z \u00fcr\u00fcnler p\u00fcr\u00fczs\u00fcz, canl\u0131 ve parlak sa\u00e7lara sahip olmak i\u00e7in size yard\u0131mc\u0131 olabilir. <strong>Sa\u011fl\u0131kl\u0131 sa\u00e7lar<\/strong>a sahip olmak,\u00a0 parlakl\u0131k ve canl\u0131l\u0131klar\u0131n\u0131n devam\u0131n\u0131 sa\u011flamak i\u00e7in dermatologlar\u0131n size \u00f6nerdi\u011fi bu basit ipu\u00e7lar\u0131n\u0131 uygulaman\u0131z\u0131 sizlere \u00f6neriyoruz.<\/p>\n<p>1-<a href=\"https:\/\/www.9sac.com\/saclarinizdaki-yaglardan-arinma-yontemleri\/\"><strong>Ya\u011fl\u0131 sa\u00e7lar<\/strong><\/a>\u0131 normalden daha s\u0131k y\u0131kay\u0131n. Sa\u00e7lar\u0131n\u0131z\u0131 ne s\u0131kl\u0131kta y\u0131kad\u0131\u011f\u0131n\u0131z, kafa derinizin ne kadar ya\u011f \u00fcretti\u011fine ba\u011fl\u0131 olarak de\u011fi\u015fkenlik g\u00f6sterir.<\/p>\n<p>*E\u011fer sa\u00e7 deriniz ya\u011fl\u0131 ise, <strong>g\u00fcnde bir kez<\/strong> kesinlikle y\u0131kaman\u0131z gerekecektir.<\/p>\n<p>*Sa\u00e7lar\u0131n\u0131z daha \u00f6nceden kimyasal olarak herhangi bir i\u015fleme u\u011frad\u0131 ise \u00a0bu sa\u00e7lar\u0131n\u0131z\u0131n daha kuru olmas\u0131na neden olabilir, bundan dolay\u0131 da daha az s\u0131kl\u0131kta y\u0131kamak isteyebilirsiniz.<\/p>\n<ul>\n<li>Siz ya\u015f ald\u0131k\u00e7a <strong>sa\u00e7 deriniz<\/strong> daha az ya\u011f \u00fcretecektir, bu nedenle \u00e7ok fazla \u015fampuan uygulamas\u0131 yapman\u0131za gerek kalmayabilir.\u00a0 Ancak \u00a0sa\u00e7 derinizde pullanma\u00a0 fark ederseniz , \u00e7ok fazla \u015fampuanlama yap\u0131lmas\u0131n\u0131 \u00f6nermiyoruz. Bu kepek veya di\u011fer sa\u00e7 derisi hastal\u0131klar\u0131na neden olabilir.<\/li>\n<li>Sa\u00e7 derisine \u015fampuan uygulamas\u0131na devam \u00a0edin. Bunu parmak u\u00e7lar\u0131n\u0131zla yapaca\u011f\u0131n\u0131z mesajlarla \u00a0ger\u00e7ekle\u015ftirebilirsiniz. Sa\u00e7lar\u0131n\u0131za y\u0131kama yaparken t\u00fcm sa\u00e7 uzunlu\u011funu komple y\u0131kamak yerine, \u00f6ncelikle sa\u00e7 derisini temizlemeye yo\u011funla\u015f\u0131n. Sadece <strong>sa\u00e7lar\u0131n\u0131z\u0131 y\u0131kamak<\/strong>, donuk, soluk ve kaba olan u\u00e7ucu t\u00fcyler meydana getirebilir. Sa\u00e7lar\u0131n\u0131z\u0131n canl\u0131l\u0131\u011f\u0131n\u0131 yitirmesine neden olabilir.<\/li>\n<li>Sa\u00e7lar\u0131n\u0131z\u0131 temizlemek i\u00e7in \u201c2'si 1 arada\u201d \u015fampuan kullanm\u0131yorsan\u0131z, her \u015fampuandan sonra sa\u00e7 kremi kullanman\u0131z\u0131 \u00f6neriyoruz.\u00a0 <strong>Sa\u00e7 kremi<\/strong> kullanmak sa\u00e7\u0131n\u0131z\u0131n canl\u0131l\u0131\u011f\u0131n\u0131 art\u0131rarak \u00a0zararl\u0131 Ultraviole \u0131\u015f\u0131nlar\u0131ndan korunmas\u0131n\u0131 sa\u011flar. Ayr\u0131ca parlakl\u0131\u011f\u0131 \u00a0art\u0131r\u0131p \u00a0elektriklenmeyi azaltarak, hasarl\u0131, zarar g\u00f6rm\u00fc\u015f ya da y\u0131pranm\u0131\u015f sa\u00e7lar\u0131n g\u00f6r\u00fcn\u00fcm\u00fcn\u00fc kayda de\u011fer \u00a0\u00f6l\u00e7\u00fcde iyile\u015ftirecektir.<\/li>\n<li>Sa\u00e7 u\u00e7lar\u0131n\u0131za yapaca\u011f\u0131n\u0131z<strong> sa\u00e7 kremi<\/strong> uygulamas\u0131n\u0131 art\u0131r\u0131n. Sa\u00e7 kremleri sa\u00e7\u0131n canl\u0131 ve parlak g\u00f6r\u00fcnmesini sa\u011flayabildi\u011fi i\u00e7in , sadece sa\u00e7 u\u00e7lar\u0131nda ve sa\u00e7 derisinde kullan\u0131lmamal\u0131, b\u00fct\u00fcn sa\u00e7a n\u00fcfuzu sa\u011flanmal\u0131d\u0131r.<\/li>\n<li>\u015eampuan ve sa\u00e7 kremi se\u00e7erken \u00f6nceli\u011finiz sa\u00e7 tipinize uygun form\u00fcle edilmi\u015f olmas\u0131 olmal\u0131d\u0131r. \u00d6rne\u011fin, sa\u00e7\u0131n\u0131z\u0131 boyad\u0131\u011f\u0131n\u0131zda \u00a0<strong>boyal\u0131 sa\u00e7lar i\u00e7in \u00a0\u00fcretilen bir \u015fampuan<\/strong> kullanman\u0131z gerekmektedir. Sa\u00e7 telleriniz zarara u\u011fray\u0131p \u00a0k\u0131r\u0131k veya incelmeye maruz kald\u0131 ya da kimyasal i\u015flemlerden ge\u00e7ti ise\u00a0 \u201c2'si 1 arada\u201d \u015fampuanlar\u0131 kullanmay\u0131 tercih edin. Fiyat\u0131 \u00a0ne olursa olsun, bir\u00e7ok \u015fampuan ve sa\u00e7 kremi markas\u0131 sizin i\u00e7in ayn\u0131 faydalar\u0131 sa\u011flayacakt\u0131r.<\/li>\n<li>Y\u00fczerken sa\u00e7\u0131n\u0131z\u0131 \u00a0meydana gelebilecek zararlardan korumay\u0131 unutmay\u0131n. Y\u00fczmeye ba\u015flamadan \u00f6nce sa\u00e7\u0131n\u0131z\u0131 \u0131slat\u0131n ve yumu\u015famas\u0131n\u0131 sa\u011flay\u0131n. B\u00f6ylece sa\u00e7lar\u0131n\u0131z\u0131 <strong>klorun zararl\u0131 etkileri<\/strong>nden korumu\u015f olacaks\u0131n\u0131z. S\u0131k\u0131 bir y\u00fczme \u015fapkas\u0131 takman\u0131z\u0131 ve kaybolan nemi dengelemek\u00a0 i\u00e7in y\u00fczme i\u015flemini tamamlad\u0131ktan sonra i\u00e7eri\u011finde \u00f6zel form\u00fcl ihtiva eden\u00a0 <strong>y\u00fcz\u00fcc\u00fc \u015fampuan\u0131<\/strong> ve sa\u00e7 kremi kullanman\u0131z\u0131 tavsiye ederiz.<\/li>\n<\/ul>\n<p>Bu \u00f6nerilerden ba\u015fka sa\u00e7\u0131n\u0131z\u0131n bak\u0131m\u0131yla ilgili daha fazla sorular\u0131n\u0131z varsa, bir <strong>dermatologla<\/strong>\u00a0 g\u00f6r\u00fc\u015febilirsiniz.<\/p>\n<p>&nbsp;<\/p>\n","protected":false},"excerpt":{"rendered":"<p>Sa\u011fl\u0131kl\u0131 Sa\u00e7lar i\u00e7in G\u00fcnl\u00fck Bak\u0131m T\u00fcyolar\u0131 | Sa\u00e7lar\u0131n\u0131z\u0131 nas\u0131l ve ne \u015fekilde y\u0131kad\u0131\u011f\u0131n\u0131z, bunun yan\u0131 s\u0131ra bak\u0131mlar\u0131 ve temizlikleri i\u00e7in kullanaca\u011f\u0131n\u0131z \u00fcr\u00fcnler p\u00fcr\u00fczs\u00fcz, canl\u0131 ve parlak sa\u00e7lara sahip olmak i\u00e7in size yard\u0131mc\u0131 olabilir. Sa\u011fl\u0131kl\u0131 sa\u00e7lara sahip olmak,\u00a0 parlakl\u0131k ve canl\u0131l\u0131klar\u0131n\u0131n devam\u0131n\u0131 sa\u011flamak i\u00e7in dermatologlar\u0131n size \u00f6nerdi\u011fi bu basit ipu\u00e7lar\u0131n\u0131 uygulaman\u0131z\u0131 sizlere \u00f6neriyoruz.<\/p>\n<p>1-Ya\u011fl\u0131 sa\u00e7lar\u0131 normalden daha s\u0131k y\u0131kay\u0131n. Sa\u00e7lar\u0131n\u0131z\u0131 ne s\u0131kl\u0131kta y\u0131kad\u0131\u011f\u0131n\u0131z, kafa derinizin ne kadar ya\u011f \u00fcretti\u011fine ba\u011fl\u0131 olarak de\u011fi\u015fkenlik g\u00f6sterir.<\/p>\n<p>*E\u011fer sa\u00e7 deriniz ya\u011fl\u0131 ise, g\u00fcnde bir kez kesinlikle y\u0131kaman\u0131z gerekecektir.<\/p>\n<p>*Sa\u00e7lar\u0131n\u0131z daha \u00f6nceden kimyasal olarak herhangi bir i\u015fleme u\u011frad\u0131 ise \u00a0bu sa\u00e7lar\u0131n\u0131z\u0131n daha kuru olmas\u0131na neden olabilir, bundan dolay\u0131 da daha az s\u0131kl\u0131kta y\u0131kamak isteyebilirsiniz.<\/p>\n<p> \tSiz ya\u015f ald\u0131k\u00e7a sa\u00e7 deriniz daha az ya\u011f \u00fcretecektir, bu nedenle \u00e7ok fazla \u015fampuan uygulamas\u0131 yapman\u0131za gerek kalmayabilir.\u00a0 Ancak \u00a0sa\u00e7 derinizde pullanma\u00a0 fark ederseniz , \u00e7ok fazla \u015fampuanlama yap\u0131lmas\u0131n\u0131 \u00f6nermiyoruz. Bu kepek veya di\u011fer sa\u00e7 derisi hastal\u0131klar\u0131na neden olabilir.<br \/>\n \tSa\u00e7 derisine \u015fampuan uygulamas\u0131na devam \u00a0edin. Bunu parmak u\u00e7lar\u0131n\u0131zla yapaca\u011f\u0131n\u0131z mesajlarla \u00a0ger\u00e7ekle\u015ftirebilirsiniz. Sa\u00e7lar\u0131n\u0131za y\u0131kama yaparken t\u00fcm sa\u00e7 uzunlu\u011funu komple y\u0131kamak yerine, \u00f6ncelikle sa\u00e7 derisini temizlemeye yo\u011funla\u015f\u0131n. Sadece sa\u00e7lar\u0131n\u0131z\u0131 y\u0131kamak, donuk, soluk ve kaba olan u\u00e7ucu t\u00fcyler meydana getirebilir. Sa\u00e7lar\u0131n\u0131z\u0131n canl\u0131l\u0131\u011f\u0131n\u0131 yitirmesine neden olabilir.<br \/>\n \tSa\u00e7lar\u0131n\u0131z\u0131 temizlemek i\u00e7in \u201c2'si 1 arada\u201d \u015fampuan kullanm\u0131yorsan\u0131z, her \u015fampuandan sonra sa\u00e7 kremi kullanman\u0131z\u0131 \u00f6neriyoruz.\u00a0 Sa\u00e7 kremi kullanmak sa\u00e7\u0131n\u0131z\u0131n canl\u0131l\u0131\u011f\u0131n\u0131 art\u0131rarak \u00a0zararl\u0131 Ultraviole \u0131\u015f\u0131nlar\u0131ndan korunmas\u0131n\u0131 sa\u011flar. Ayr\u0131ca parlakl\u0131\u011f\u0131 \u00a0art\u0131r\u0131p \u00a0elektriklenmeyi azaltarak, hasarl\u0131, zarar g\u00f6rm\u00fc\u015f ya da y\u0131pranm\u0131\u015f sa\u00e7lar\u0131n g\u00f6r\u00fcn\u00fcm\u00fcn\u00fc kayda de\u011fer \u00a0\u00f6l\u00e7\u00fcde iyile\u015ftirecektir.<br \/>\n \tSa\u00e7 u\u00e7lar\u0131n\u0131za yapaca\u011f\u0131n\u0131z sa\u00e7 kremi uygulamas\u0131n\u0131 art\u0131r\u0131n. Sa\u00e7 kremleri sa\u00e7\u0131n canl\u0131 ve parlak g\u00f6r\u00fcnmesini sa\u011flayabildi\u011fi i\u00e7in , sadece sa\u00e7 u\u00e7lar\u0131nda ve sa\u00e7 derisinde kullan\u0131lmamal\u0131, b\u00fct\u00fcn sa\u00e7a n\u00fcfuzu sa\u011flanmal\u0131d\u0131r.<br \/>\n \t\u015eampuan ve sa\u00e7 kremi se\u00e7erken \u00f6nceli\u011finiz sa\u00e7 tipinize uygun form\u00fcle edilmi\u015f olmas\u0131 olmal\u0131d\u0131r. \u00d6rne\u011fin, sa\u00e7\u0131n\u0131z\u0131 boyad\u0131\u011f\u0131n\u0131zda \u00a0boyal\u0131 sa\u00e7lar i\u00e7in \u00a0\u00fcretilen bir \u015fampuan kullanman\u0131z gerekmektedir. Sa\u00e7 telleriniz zarara u\u011fray\u0131p \u00a0k\u0131r\u0131k veya incelmeye maruz kald\u0131 ya da kimyasal i\u015flemlerden ge\u00e7ti ise\u00a0 \u201c2'si 1 arada\u201d \u015fampuanlar\u0131 kullanmay\u0131 tercih edin. Fiyat\u0131 \u00a0ne olursa olsun, bir\u00e7ok \u015fampuan ve sa\u00e7 kremi markas\u0131 sizin i\u00e7in ayn\u0131 faydalar\u0131 sa\u011flayacakt\u0131r.<br \/>\n \tY\u00fczerken sa\u00e7\u0131n\u0131z\u0131 \u00a0meydana gelebilecek zararlardan korumay\u0131 unutmay\u0131n. Y\u00fczmeye ba\u015flamadan \u00f6nce sa\u00e7\u0131n\u0131z\u0131 \u0131slat\u0131n ve yumu\u015famas\u0131n\u0131 sa\u011flay\u0131n. B\u00f6ylece sa\u00e7lar\u0131n\u0131z\u0131 klorun zararl\u0131 etkilerinden korumu\u015f olacaks\u0131n\u0131z. S\u0131k\u0131 bir y\u00fczme \u015fapkas\u0131 takman\u0131z\u0131 ve kaybolan nemi dengelemek\u00a0 i\u00e7in y\u00fczme i\u015flemini tamamlad\u0131ktan sonra i\u00e7eri\u011finde \u00f6zel form\u00fcl ihtiva eden\u00a0 y\u00fcz\u00fcc\u00fc \u015fampuan\u0131 ve sa\u00e7 kremi kullanman\u0131z\u0131 tavsiye ederiz.<\/p>\n<p>Bu \u00f6nerilerden ba\u015fka sa\u00e7\u0131n\u0131z\u0131n bak\u0131m\u0131yla ilgili daha fazla sorular\u0131n\u0131z varsa, bir dermatologla\u00a0 g\u00f6r\u00fc\u015febilirsiniz.<\/p>\n<p>&nbsp;<\/p>\n","protected":false},"author":1,"featured_media":4438,"comment_status":"open","ping_status":"open","sticky":false,"template":"","format":"standard","meta":{"footnotes":""},"categories":[7],"tags":[],"views":2038,"_links":{"self":[{"href":"https:\/\/www.9sac.com\/zh\/wp-json\/wp\/v2\/posts\/4437"}],"collection":[{"href":"https:\/\/www.9sac.com\/zh\/wp-json\/wp\/v2\/posts"}],"about":[{"href":"https:\/\/www.9sac.com\/zh\/wp-json\/wp\/v2\/types\/post"}],"author":[{"embeddable":true,"href":"https:\/\/www.9sac.com\/zh\/wp-json\/wp\/v2\/users\/1"}],"replies":[{"embeddable":true,"href":"https:\/\/www.9sac.com\/zh\/wp-json\/wp\/v2\/comments?post=4437"}],"version-history":[{"count":2,"href":"https:\/\/www.9sac.com\/zh\/wp-json\/wp\/v2\/posts\/4437\/revisions"}],"predecessor-version":[{"id":5256,"href":"https:\/\/www.9sac.com\/zh\/wp-json\/wp\/v2\/posts\/4437\/revisions\/5256"}],"wp:featuredmedia":[{"embeddable":true,"href":"https:\/\/www.9sac.com\/zh\/wp-json\/wp\/v2\/media\/4438"}],"wp:attachment":[{"href":"https:\/\/www.9sac.com\/zh\/wp-json\/wp\/v2\/media?parent=4437"}],"wp:term":[{"taxonomy":"category","embeddable":true,"href":"https:\/\/www.9sac.com\/zh\/wp-json\/wp\/v2\/categories?post=4437"},{"taxonomy":"post_tag","embeddable":true,"href":"https:\/\/www.9sac.com\/zh\/wp-json\/wp\/v2\/tags?post=4437"}],"curies":[{"name":"wp","href":"https:\/\/api.w.org\/{rel}","templated":true}]}}